{"id":155032,"date":"2026-02-03T14:13:08","date_gmt":"2026-02-03T14:13:08","guid":{"rendered":"https:\/\/www.europesays.com\/se\/155032\/"},"modified":"2026-02-03T14:13:08","modified_gmt":"2026-02-03T14:13:08","slug":"resident-evil-kortfilm-kan-vara-den-basta-filmatiseringen-av-skrackspelen-vi-sett","status":"publish","type":"post","link":"https:\/\/www.europesays.com\/se\/155032\/","title":{"rendered":"&#8221;Resident Evil&#8221;-kortfilm kan vara den b\u00e4sta filmatiseringen av skr\u00e4ckspelen vi sett"},"content":{"rendered":"<p><strong>Den 27 februari <\/strong>sl\u00e4pps spelet \u201dResident Evil Requiem\u201d, som \u00e4r n\u00e4sta stora del i den japanska skr\u00e4ckserien av Capcom.<\/p>\n<p>H\u00e4r spelar vi som den nya karakt\u00e4ren Grace Ashford och den \u00e5terv\u00e4ndande actionhj\u00e4lten Leon S. Kennedy, som k\u00e4mpar i spillrorna av <strong>den ikoniska staden Raccoon City<\/strong> som haft en viktig roll genom seriens historia.<\/p>\n<p>Inf\u00f6r lanseringen har Capcom nu sl\u00e4ppt <strong>en liten kortfilm vid namn \u201dEvil Has Always Had A Name\u201d <\/strong>som fungerar som en prequel till spelet, d\u00e4r vi f\u00f6ljer en mor och dotter som upplever kaoset i staden 1998, under h\u00e4ndelserna i \u201dResident Evil 2\u201d.<\/p>\n<p>I huvudrollen som mamman ser vi <strong>Maika Monroe<\/strong>, som \u00e4r k\u00e4nd fr\u00e5n skr\u00e4ckfilmer som \u201dIt Follows\u201d och \u201dLonglegs\u201d.<\/p>\n<p>Det \u00e4r <strong>en riktigt bra och v\u00e4lgjord kortfilm<\/strong>, som jag rekommenderar till alla fans av \u201dResident Evil\u201d. Om \u201dWeapons\u201d-regiss\u00f6ren <a href=\"https:\/\/www.moviezine.se\/nyheter\/weapons-regissorens-resident-evil-film-foljer-inte-spelens-berattelse\" rel=\"nofollow noopener\" target=\"_blank\">Zach Greggers kommande filmatisering<\/a> av skr\u00e4ckspelen n\u00e5r samma niv\u00e5 som det h\u00e4r, har vi n\u00e5got att se fram emot.<\/p>\n<p>I \u201dResident Evil Requiem\u201d kommer vi f\u00e5 \u00e5terv\u00e4nda till Raccoon City m\u00e5nga \u00e5r efter att den f\u00f6ll till zombieviruset och en atombomb, som b\u00e5de Grace och Leon. De erbjuder <a href=\"https:\/\/www.moviezine.se\/nyheter\/resident-evil-requiem-ar-tva-spel-i-ett-regissoren-liknar-det-med-sushi\" rel=\"nofollow noopener\" target=\"_blank\">tv\u00e5 olika upplevelser<\/a>, skr\u00e4ck och action.<\/p>\n<p>Spelet sl\u00e4pps till Switch 2, PS5, PC och Xbox Series X\/S den 27 februari. Den kommande filmatiseringen av Zach Gregger har biopremi\u00e4r den 18 september.<\/p>\n<p><img loading=\"lazy\" decoding=\"async\" alt=\"YouTube video\" width=\"480\" height=\"360\" data-pin-nopin=\"true\" nopin=\"nopin\" class=\"perfmatters-lazy\" src=\"https:\/\/www.europesays.com\/se\/wp-content\/uploads\/2026\/02\/1770127988_513_hqdefault.jpg\"\/><\/p>\n<p>L\u00e4s ocks\u00e5: <a href=\"https:\/\/www.moviezine.se\/nyheter\/resident-evil-drakar-och-katter-5-spel-som-slapps-i-februari\" title=\"\u201dResident Evil\u201d, drakar och katter \u2013 5 spel som sl\u00e4pps i februari\" class=\"underline-custom !font-montserrat !font-bold !underline-offset-4 !decoration-4 !decoration-moviezine-green !text-md\" rel=\"nofollow noopener\" target=\"_blank\">\u201dResident Evil\u201d, drakar och katter \u2013 5 spel som sl\u00e4pps i februari<\/a><\/p>\n<p>L\u00e4s ocks\u00e5: <a href=\"https:\/\/www.moviezine.se\/nyheter\/resident-evil-requiem-ar-tva-spel-i-ett-regissoren-liknar-det-med-sushi\" title=\"\u201dResident Evil Requiem\u201d \u00e4r tv\u00e5 spel i ett \u2013 regiss\u00f6ren liknar det med sushi\" class=\"underline-custom !font-montserrat !font-bold !underline-offset-4 !decoration-4 !decoration-moviezine-green !text-md\" rel=\"nofollow noopener\" target=\"_blank\">\u201dResident Evil Requiem\u201d \u00e4r tv\u00e5 spel i ett \u2013 regiss\u00f6ren liknar det med sushi<\/a><\/p>\n","protected":false},"excerpt":{"rendered":"Den 27 februari sl\u00e4pps spelet \u201dResident Evil Requiem\u201d, som \u00e4r n\u00e4sta stora del i den japanska skr\u00e4ckserien av&hellip;\n","protected":false},"author":2,"featured_media":155033,"comment_status":"","ping_status":"","sticky":false,"template":"","format":"standard","meta":{"footnotes":""},"categories":[66],"tags":[80,78,79,34,2054,31,33,32,30,81,84,2044,2012,83,82],"class_list":{"0":"post-155032","1":"post","2":"type-post","3":"status-publish","4":"format-standard","5":"has-post-thumbnail","7":"category-vetenskap-och-teknik","8":"tag-science","9":"tag-science-and-technology","10":"tag-scienceandtechnology","11":"tag-se","12":"tag-skrack","13":"tag-svenska","14":"tag-sverige","15":"tag-sweden","16":"tag-swedish","17":"tag-technology","18":"tag-teknik","19":"tag-trailer","20":"tag-tv-spel","21":"tag-vetenskap","22":"tag-vetenskapteknik"},"share_on_mastodon":{"url":"https:\/\/pubeurope.com\/@se\/116007115538355175","error":""},"_links":{"self":[{"href":"https:\/\/www.europesays.com\/se\/wp-json\/wp\/v2\/posts\/155032","targetHints":{"allow":["GET"]}}],"collection":[{"href":"https:\/\/www.europesays.com\/se\/wp-json\/wp\/v2\/posts"}],"about":[{"href":"https:\/\/www.europesays.com\/se\/wp-json\/wp\/v2\/types\/post"}],"author":[{"embeddable":true,"href":"https:\/\/www.europesays.com\/se\/wp-json\/wp\/v2\/users\/2"}],"replies":[{"embeddable":true,"href":"https:\/\/www.europesays.com\/se\/wp-json\/wp\/v2\/comments?post=155032"}],"version-history":[{"count":0,"href":"https:\/\/www.europesays.com\/se\/wp-json\/wp\/v2\/posts\/155032\/revisions"}],"wp:featuredmedia":[{"embeddable":true,"href":"https:\/\/www.europesays.com\/se\/wp-json\/wp\/v2\/media\/155033"}],"wp:attachment":[{"href":"https:\/\/www.europesays.com\/se\/wp-json\/wp\/v2\/media?parent=155032"}],"wp:term":[{"taxonomy":"category","embeddable":true,"href":"https:\/\/www.europesays.com\/se\/wp-json\/wp\/v2\/categories?post=155032"},{"taxonomy":"post_tag","embeddable":true,"href":"https:\/\/www.europesays.com\/se\/wp-json\/wp\/v2\/tags?post=155032"}],"curies":[{"name":"wp","href":"https:\/\/api.w.org\/{rel}","templated":true}]}}