{"id":15584,"date":"2025-08-28T06:53:07","date_gmt":"2025-08-28T06:53:07","guid":{"rendered":"https:\/\/www.europesays.com\/se\/15584\/"},"modified":"2025-08-28T06:53:07","modified_gmt":"2025-08-28T06:53:07","slug":"storbanken-om-hostbudgeten-lar-satsa-70-miljarder","status":"publish","type":"post","link":"https:\/\/www.europesays.com\/se\/15584\/","title":{"rendered":"Storbanken om h\u00f6stbudgeten: L\u00e4r satsa 70 miljarder"},"content":{"rendered":"<p>I eftermiddag v\u00e4ntas Elisabeth Svantesson (M) ge ytterligare hintar om den kommande h\u00f6stbudgeten, skriver TT.<\/p>\n<p>Finansministern har tidigare talat om \u201dordentliga stimulanser\u201d, men vad det inneb\u00e4r konkret \u00e4r \u00e4nnu oklart.<\/p>\n<p>Nordeas chefekonom Annika Winsth tror att det blir reformer f\u00f6r 70 miljarder kronor som inte finansieras med motsvarande skatteh\u00f6jning eller nedsk\u00e4rningar p\u00e5 annat h\u00e5ll. I en TT-intervju pekar hon p\u00e5 att det b\u00e5de \u00e4r val\u00e5r (2026) och l\u00e5gkonjunktur.<\/p>\n<p>Ofinansierade reformer om 70 miljarder \u00e4r \u201dstora summor\u201d, enligt Konjunkturinstitutets generaldirekt\u00f6r.<\/p>\n<p>\u2013 Det \u00e4r dubbla det historiska genomsnittet, s\u00e4ger Albin Kainelainen till nyhetsbyr\u00e5n.<\/p>\n<p>Omni \u00e4r politiskt obundna och oberoende. Vi str\u00e4var efter att ge fler perspektiv p\u00e5 nyheterna. Har du fr\u00e5gor eller synpunkter kring v\u00e5r rapportering? <a href=\"https:\/\/omni.se\/storbanken-om-hostbudgeten-regeringen-satsar-70-miljarder\/a\/mailto:redaktion@omni.se\" class=\"ArticleActions_contactLink__W2F1M\" rel=\"nofollow noopener\" target=\"_blank\">Kontakta redaktionen<\/a><\/p>\n","protected":false},"excerpt":{"rendered":"I eftermiddag v\u00e4ntas Elisabeth Svantesson (M) ge ytterligare hintar om den kommande h\u00f6stbudgeten, skriver TT. Finansministern har tidigare&hellip;\n","protected":false},"author":2,"featured_media":15585,"comment_status":"","ping_status":"","sticky":false,"template":"","format":"standard","meta":{"footnotes":""},"categories":[65],"tags":[1018,72,70,71,805,806,324,2008,34,31,33,32,30],"class_list":{"0":"post-15584","1":"post","2":"type-post","3":"status-publish","4":"format-standard","5":"has-post-thumbnail","7":"category-ekonomi","8":"tag-annika-winsth","9":"tag-business","10":"tag-economy","11":"tag-ekonomi","12":"tag-elisabeth-svantesson","13":"tag-finanspolitik","14":"tag-makroekonomi","15":"tag-nordea","16":"tag-se","17":"tag-svenska","18":"tag-sverige","19":"tag-sweden","20":"tag-swedish"},"share_on_mastodon":{"url":"","error":""},"_links":{"self":[{"href":"https:\/\/www.europesays.com\/se\/wp-json\/wp\/v2\/posts\/15584","targetHints":{"allow":["GET"]}}],"collection":[{"href":"https:\/\/www.europesays.com\/se\/wp-json\/wp\/v2\/posts"}],"about":[{"href":"https:\/\/www.europesays.com\/se\/wp-json\/wp\/v2\/types\/post"}],"author":[{"embeddable":true,"href":"https:\/\/www.europesays.com\/se\/wp-json\/wp\/v2\/users\/2"}],"replies":[{"embeddable":true,"href":"https:\/\/www.europesays.com\/se\/wp-json\/wp\/v2\/comments?post=15584"}],"version-history":[{"count":0,"href":"https:\/\/www.europesays.com\/se\/wp-json\/wp\/v2\/posts\/15584\/revisions"}],"wp:featuredmedia":[{"embeddable":true,"href":"https:\/\/www.europesays.com\/se\/wp-json\/wp\/v2\/media\/15585"}],"wp:attachment":[{"href":"https:\/\/www.europesays.com\/se\/wp-json\/wp\/v2\/media?parent=15584"}],"wp:term":[{"taxonomy":"category","embeddable":true,"href":"https:\/\/www.europesays.com\/se\/wp-json\/wp\/v2\/categories?post=15584"},{"taxonomy":"post_tag","embeddable":true,"href":"https:\/\/www.europesays.com\/se\/wp-json\/wp\/v2\/tags?post=15584"}],"curies":[{"name":"wp","href":"https:\/\/api.w.org\/{rel}","templated":true}]}}