{"id":15609,"date":"2025-08-28T07:20:10","date_gmt":"2025-08-28T07:20:10","guid":{"rendered":"https:\/\/www.europesays.com\/se\/15609\/"},"modified":"2025-08-28T07:20:10","modified_gmt":"2025-08-28T07:20:10","slug":"hogerextremisten-sven-liebich-byter-kon-for-sitta-i-kvinnofangelse","status":"publish","type":"post","link":"https:\/\/www.europesays.com\/se\/15609\/","title":{"rendered":"H\u00f6gerextremisten Sven Liebich byter k\u00f6n f\u00f6r sitta i kvinnof\u00e4ngelse"},"content":{"rendered":"<p>Publicerad 28 aug 2025 kl 07.26Uppdaterad kl 07.56<\/p>\n<p>Den tyske h\u00f6gerextremisten Sven Liebich har d\u00f6mts till 18 m\u00e5nader i f\u00e4ngelse f\u00f6r bland annat uppvigling till hat.\u00a0<\/p>\n<p>Inf\u00f6r verkst\u00e4llandet av domen har Liebich bytt juridiskt k\u00f6n \u2013 och vill avtj\u00e4na sitt straff i ett kvinnof\u00e4ngelse.\u00a0<\/p>\n<p>Senaste nyhetsklippen fr\u00e5n Expressen.<img   alt=\"\"\/><\/p>\n<p>Den tyska h\u00f6gerextremisten Sven Liebich har bytt juridiskt k\u00f6n f\u00f6r att f\u00e5 sitta i kvinnof\u00e4ngelse.<\/p>\n<p>Foto: Christian Mang \/ TT NYHETSBYR\u00c5N<\/p>\n<p>\u00d6ppna bild i helsk\u00e4rm<img loading=\"lazy\"   alt=\"\"\/> <\/p>\n<p>Foto: Pontus Lundahl \/ TT NYHETSBYR\u00c5N<\/p>\n<p>\u00d6ppna bild i helsk\u00e4rm<\/p>\n<p>En kontrovers har brutit ut i Tyskland efter att den v\u00e4lk\u00e4nda tyske h\u00f6gerextremisten Sven Liebich bytt juridiskt k\u00f6n. Sven Liebich heter numera Marla-Svenja Liebich och \u00e4r sedan slutet av 2024 juridiskt kvinna, rapporterar <a href=\"https:\/\/www.bbc.com\/news\/articles\/c3r4zrg35vlo\" rel=\"nofollow noopener\" target=\"_blank\">BBC<\/a>.\u00a0<\/p>\n<p>2023 d\u00f6mdes Liebich till ett \u00e5r och sex m\u00e5naders f\u00e4ngelse utan villkorlig frigivning f\u00f6r h\u00f6gerextrem uppvigling till hat, f\u00f6rtal och f\u00f6rol\u00e4mpning.<\/p>\n<p>Nu vill Liebich f\u00e5 avtj\u00e4na sitt straff p\u00e5 ett kvinnof\u00e4ngelse.\u00a0<\/p>\n<p>Sven Liebich har l\u00e4nge varit en central person inom extremh\u00f6gern i <a href=\"https:\/\/www.expressen.se\/tagg\/location\/tyskland\/\" class=\"\" rel=\"nofollow noopener\" target=\"_blank\">Tyskland<\/a>. Han har tidigare varit medlem i den nynazistiska gruppen Blood &amp; honour och demonstrerat mot Prider\u00f6relsen. Vid flera tillf\u00e4llen har Liebich uttryckt sig h\u00e5nfullt mot transpersoner och tyska medier har ifr\u00e5gasatt om Liebichs \u00e4ndring \u00e4r seri\u00f6s.<\/p>\n<p>\u201dOm \u00e4ndringen \u00e4r seri\u00f6s \u00e4r tveksamt\u201d, skrev Der Spiegel. \u201dLiebich har i \u00e5ratal varit k\u00e4nd f\u00f6r sina h\u00f6gerextrema \u00e5sikter och har \u00e4ven gjort queerfobiska uttalanden tidigare.\u201d<\/p>\n<p>Vill f\u00e5 en \u00f6versyn av lagen<\/p>\n<p>I november f\u00f6rra \u00e5ret tr\u00e4dde Tysklands nya sj\u00e4lvbest\u00e4mmandelag (SBGG) som st\u00e4rker transpersoners r\u00e4ttigheter i kraft.\u00a0<\/p>\n<p>Lagen till\u00e5ter m\u00e4nniskor att \u00e4ndra sitt k\u00f6n och f\u00f6rnamn genom en enkel deklaration hos folkbokf\u00f6ringskontoret, i st\u00e4llet f\u00f6r genom ett domstolsbeslut.<\/p>\n<p>Att Liebich fr\u00e5n och med fredag kommer att sitta p\u00e5 kvinnoanstalten Chemnitz har v\u00e4ckt en h\u00e4tsk debatt i Tyskland.\u00a0<\/p>\n<p>Partierna CDU och CSU kr\u00e4ver en \u00f6versyn av lagen och sk\u00e4rpta kontroller, medan partiet \u201dDe gr\u00f6na\u201d varnar f\u00f6r att anv\u00e4nda fallet f\u00f6r att inskr\u00e4nka transpersoners r\u00e4ttigheter generellt.\u00a0<\/p>\n","protected":false},"excerpt":{"rendered":"Publicerad 28 aug 2025 kl 07.26Uppdaterad kl 07.56 Den tyske h\u00f6gerextremisten Sven Liebich har d\u00f6mts till 18 m\u00e5nader&hellip;\n","protected":false},"author":2,"featured_media":15610,"comment_status":"","ping_status":"","sticky":false,"template":"","format":"standard","meta":{"footnotes":""},"categories":[5],"tags":[22,23,26,27,17,21,24,25,57,28,29,15,16,18,34,55,31,33,32,30,19,2009,1942,20],"class_list":{"0":"post-15609","1":"post","2":"type-post","3":"status-publish","4":"format-standard","5":"has-post-thumbnail","7":"category-rubriker","8":"tag-breaking-news","9":"tag-breakingnews","10":"tag-featured-news","11":"tag-featurednews","12":"tag-headlines","13":"tag-huvudnyheter","14":"tag-latest-news","15":"tag-latestnews","16":"tag-location-tyskland","17":"tag-main-news","18":"tag-mainnews","19":"tag-news","20":"tag-nyheter","21":"tag-rubriker","22":"tag-se","23":"tag-sections-varlden","24":"tag-svenska","25":"tag-sverige","26":"tag-sweden","27":"tag-swedish","28":"tag-top-stories","29":"tag-topic-juridik","30":"tag-topic-lagar","31":"tag-topstories"},"share_on_mastodon":{"url":"","error":""},"_links":{"self":[{"href":"https:\/\/www.europesays.com\/se\/wp-json\/wp\/v2\/posts\/15609","targetHints":{"allow":["GET"]}}],"collection":[{"href":"https:\/\/www.europesays.com\/se\/wp-json\/wp\/v2\/posts"}],"about":[{"href":"https:\/\/www.europesays.com\/se\/wp-json\/wp\/v2\/types\/post"}],"author":[{"embeddable":true,"href":"https:\/\/www.europesays.com\/se\/wp-json\/wp\/v2\/users\/2"}],"replies":[{"embeddable":true,"href":"https:\/\/www.europesays.com\/se\/wp-json\/wp\/v2\/comments?post=15609"}],"version-history":[{"count":0,"href":"https:\/\/www.europesays.com\/se\/wp-json\/wp\/v2\/posts\/15609\/revisions"}],"wp:featuredmedia":[{"embeddable":true,"href":"https:\/\/www.europesays.com\/se\/wp-json\/wp\/v2\/media\/15610"}],"wp:attachment":[{"href":"https:\/\/www.europesays.com\/se\/wp-json\/wp\/v2\/media?parent=15609"}],"wp:term":[{"taxonomy":"category","embeddable":true,"href":"https:\/\/www.europesays.com\/se\/wp-json\/wp\/v2\/categories?post=15609"},{"taxonomy":"post_tag","embeddable":true,"href":"https:\/\/www.europesays.com\/se\/wp-json\/wp\/v2\/tags?post=15609"}],"curies":[{"name":"wp","href":"https:\/\/api.w.org\/{rel}","templated":true}]}}