{"id":156330,"date":"2026-02-04T18:26:30","date_gmt":"2026-02-04T18:26:30","guid":{"rendered":"https:\/\/www.europesays.com\/se\/156330\/"},"modified":"2026-02-04T18:26:30","modified_gmt":"2026-02-04T18:26:30","slug":"ai-kravet-ar-ett-hot-mot-rikets-sakerhet","status":"publish","type":"post","link":"https:\/\/www.europesays.com\/se\/156330\/","title":{"rendered":"AI-kravet \u00e4r ett hot mot rikets s\u00e4kerhet"},"content":{"rendered":"<p>Av Hannah Gustafsson<br \/>Publicerad 2 feb.<\/p>\n<p>Kravet p\u00e5 att myndigheter ska anv\u00e4nda AI \u00e4r inte bara ett \u201dhot mot medborgarnas integritet, utan \u00e4ven rikets s\u00e4kerhet\u201d. Det skriver Akademikerf\u00f6rbundet SSR p\u00e5 DN Debatt.<\/p>\n<p>I december gick civilminister Erik Slottner (KD) ut och ber\u00e4ttade att \u00f6ver hundra myndigheter ska anv\u00e4nda mer AI, annars riskerar de anm\u00e4rkning. Bland annat p\u00e5verkar det Polismyndigheten, Brottsoffermyndigheten och Migrationsverket.<\/p>\n<p>Akademikerf\u00f6rbundet SSR \u00e4r nu oroligt f\u00f6r att kravet kan f\u00e5 avg\u00f6rande konsekvenser bland myndigheter som hanterar k\u00e4nslig data, framf\u00f6r allt eftersom de saknar kompetens och blir samtidigt beroende av amerikanska AI-system. De kr\u00e4ver att regeringen visar allvar med europeiska l\u00f6sningar. De vill \u00e4ven ha reglering av \u00f6vervakning och en algoritmombudsman.<\/p>\n<p>\u201dBara s\u00e5 kommer tekniken att tj\u00e4na medborgaren, i\u202fst\u00e4llet f\u00f6r att vi ger bort makten \u00f6ver v\u00e5r offentliga f\u00f6rvaltning och v\u00e4lf\u00e4rd\u201d, skriver de.<\/p>\n<p>Omni \u00e4r politiskt obundna och oberoende. Vi str\u00e4var efter att ge fler perspektiv p\u00e5 nyheterna. Har du fr\u00e5gor eller synpunkter kring v\u00e5r rapportering? <a href=\"https:\/\/omni.se\/facket-ai-kravet-ar-ett-hot-mot-rikets-sakerhet\/a\/mailto:redaktion@omni.se\" class=\"ArticleActions_contactLink__W2F1M\" rel=\"nofollow noopener\" target=\"_blank\">Kontakta redaktionen<\/a><\/p>\n","protected":false},"excerpt":{"rendered":"Av Hannah GustafssonPublicerad 2 feb. Kravet p\u00e5 att myndigheter ska anv\u00e4nda AI \u00e4r inte bara ett \u201dhot mot&hellip;\n","protected":false},"author":2,"featured_media":156331,"comment_status":"","ping_status":"","sticky":false,"template":"","format":"standard","meta":{"footnotes":"","_share_on_mastodon":"0"},"categories":[12],"tags":[1434,466,22,23,445,1129,26,27,17,21,24,25,28,29,15,16,18,34,31,33,32,30,19,20],"class_list":["post-156330","post","type-post","status-publish","format-standard","has-post-thumbnail","category-sverige","tag-akademikerforbundet","tag-artificiell-intelligens","tag-breaking-news","tag-breakingnews","tag-debatt","tag-erik-slottner","tag-featured-news","tag-featurednews","tag-headlines","tag-huvudnyheter","tag-latest-news","tag-latestnews","tag-main-news","tag-mainnews","tag-news","tag-nyheter","tag-rubriker","tag-se","tag-svenska","tag-sverige","tag-sweden","tag-swedish","tag-top-stories","tag-topstories"],"share_on_mastodon":{"url":"https:\/\/pubeurope.com\/@se\/116013772948134756","error":""},"_links":{"self":[{"href":"https:\/\/www.europesays.com\/se\/wp-json\/wp\/v2\/posts\/156330","targetHints":{"allow":["GET"]}}],"collection":[{"href":"https:\/\/www.europesays.com\/se\/wp-json\/wp\/v2\/posts"}],"about":[{"href":"https:\/\/www.europesays.com\/se\/wp-json\/wp\/v2\/types\/post"}],"author":[{"embeddable":true,"href":"https:\/\/www.europesays.com\/se\/wp-json\/wp\/v2\/users\/2"}],"replies":[{"embeddable":true,"href":"https:\/\/www.europesays.com\/se\/wp-json\/wp\/v2\/comments?post=156330"}],"version-history":[{"count":0,"href":"https:\/\/www.europesays.com\/se\/wp-json\/wp\/v2\/posts\/156330\/revisions"}],"wp:featuredmedia":[{"embeddable":true,"href":"https:\/\/www.europesays.com\/se\/wp-json\/wp\/v2\/media\/156331"}],"wp:attachment":[{"href":"https:\/\/www.europesays.com\/se\/wp-json\/wp\/v2\/media?parent=156330"}],"wp:term":[{"taxonomy":"category","embeddable":true,"href":"https:\/\/www.europesays.com\/se\/wp-json\/wp\/v2\/categories?post=156330"},{"taxonomy":"post_tag","embeddable":true,"href":"https:\/\/www.europesays.com\/se\/wp-json\/wp\/v2\/tags?post=156330"}],"curies":[{"name":"wp","href":"https:\/\/api.w.org\/{rel}","templated":true}]}}