{"id":15636,"date":"2025-08-28T07:54:07","date_gmt":"2025-08-28T07:54:07","guid":{"rendered":"https:\/\/www.europesays.com\/se\/15636\/"},"modified":"2025-08-28T07:54:07","modified_gmt":"2025-08-28T07:54:07","slug":"sodertalje-bryter-kontraktet-med-andrew-nielsen-efter-en-manad","status":"publish","type":"post","link":"https:\/\/www.europesays.com\/se\/15636\/","title":{"rendered":"S\u00f6dert\u00e4lje bryter kontraktet med Andrew Nielsen \u2013 efter en m\u00e5nad"},"content":{"rendered":"<p><strong>I slutet av juli skrev Andrew Nielsen p\u00e5 en f\u00f6rl\u00e4ngning med S\u00f6dert\u00e4lje.<br \/>Nu bryter den allsvenska klubben kontraktet med backen.<\/strong><\/p>\n<p><img loading=\"lazy\" decoding=\"async\" width=\"1024\" height=\"658\" src=\"https:\/\/www.europesays.com\/se\/wp-content\/uploads\/2025\/08\/250226EW008-1024x658.webp.webp\" alt=\"Andrew Nielsen\" class=\"wp-image-299301\"  \/>Andrew Nielsen.<br \/><strong>Foto:<\/strong> Emma Wallskog\/Bildbyr\u00e5n<\/p>\n<p><a href=\"https:\/\/www.sodertaljesk.se\/article\/zcjat1o-41461\/view\" rel=\"nofollow noopener\" target=\"_blank\">Via sin hemsida<\/a> meddelar <a href=\"https:\/\/hockeysverige.se\/klubb\/sodertalje-sk\/\" rel=\"nofollow noopener\" target=\"_blank\">S\u00f6dert\u00e4lje<\/a> att man bryter kontraktet med backen Andrew Nielsen.<\/p>\n<p>\u2013 Vi har i samr\u00e5d med Andrew kommit \u00f6verens om att bryta hans avtal. Vi \u00f6nskar honom lycka till i framtiden, s\u00e4ger sportchefen Emil Georgsson till sajten.<\/p>\n<p>\u00c5terv\u00e4nde till S\u00f6dert\u00e4lje med skada<\/p>\n<p>Beskedet kommer en dryg m\u00e5nad efter att Nielsen sent omsider f\u00f6rl\u00e4ngde sitt kontrakt med klubben, efter att dessf\u00f6rinnan l\u00e4mnat S\u00f6dert\u00e4lje under v\u00e5ren. V\u00e4rvningen kom i efterdyningarna av att b\u00e5de Daniel Norbe och Roope Laavainen \u00e5dragit sig skador, men n\u00e4r Nielsen d\u00f6k upp i S\u00f6dert\u00e4lje i samband med att f\u00f6rs\u00e4songen drog ig\u00e5ng var \u00e4ven han skadad, har <a href=\"https:\/\/hockeynews.se\/nyheter\/varvningen-kom-skadad-klart-vi-inte-visste\" rel=\"nofollow noopener\" target=\"_blank\">Hockeynews<\/a> rapporterat.<\/p>\n<p>\u2013 Dagen innan han skulle komma hit s\u00e5 ringde han och ber\u00e4ttade att han gjort illa sig. Nu ska vi unders\u00f6ka honom, efter det vet vi mer. Vi m\u00e5ste f\u00e5 kontroll p\u00e5 situationen. F\u00f6rst skulle det bara ta n\u00e5gon dag men nu har det g\u00e5tt en vecka, sade Georgsson till sajten f\u00f6rra veckan.<\/p>\n<p>Kort efter att Nielsens avsked blev officiellt meddelade S\u00f6dert\u00e4lje att man <a href=\"https:\/\/hockeysverige.se\/hockeyallsvenskan\/filip-windlart-klar-for-sodertalje-efter-aik\/\" rel=\"nofollow noopener\" target=\"_blank\">skrivit ett korttidskontrakt med AIK:s tidigare lagkapten Filip Windlert<\/a>.<\/p>\n","protected":false},"excerpt":{"rendered":"I slutet av juli skrev Andrew Nielsen p\u00e5 en f\u00f6rl\u00e4ngning med S\u00f6dert\u00e4lje.Nu bryter den allsvenska klubben kontraktet med&hellip;\n","protected":false},"author":2,"featured_media":15637,"comment_status":"","ping_status":"","sticky":false,"template":"","format":"standard","meta":{"footnotes":""},"categories":[68],"tags":[621,34,133,111,110,31,33,32,30],"class_list":{"0":"post-15636","1":"post","2":"type-post","3":"status-publish","4":"format-standard","5":"has-post-thumbnail","7":"category-sport","8":"tag-hockeyallsvenskan","9":"tag-se","10":"tag-second-news","11":"tag-sport","12":"tag-sports","13":"tag-svenska","14":"tag-sverige","15":"tag-sweden","16":"tag-swedish"},"share_on_mastodon":{"url":"","error":""},"_links":{"self":[{"href":"https:\/\/www.europesays.com\/se\/wp-json\/wp\/v2\/posts\/15636","targetHints":{"allow":["GET"]}}],"collection":[{"href":"https:\/\/www.europesays.com\/se\/wp-json\/wp\/v2\/posts"}],"about":[{"href":"https:\/\/www.europesays.com\/se\/wp-json\/wp\/v2\/types\/post"}],"author":[{"embeddable":true,"href":"https:\/\/www.europesays.com\/se\/wp-json\/wp\/v2\/users\/2"}],"replies":[{"embeddable":true,"href":"https:\/\/www.europesays.com\/se\/wp-json\/wp\/v2\/comments?post=15636"}],"version-history":[{"count":0,"href":"https:\/\/www.europesays.com\/se\/wp-json\/wp\/v2\/posts\/15636\/revisions"}],"wp:featuredmedia":[{"embeddable":true,"href":"https:\/\/www.europesays.com\/se\/wp-json\/wp\/v2\/media\/15637"}],"wp:attachment":[{"href":"https:\/\/www.europesays.com\/se\/wp-json\/wp\/v2\/media?parent=15636"}],"wp:term":[{"taxonomy":"category","embeddable":true,"href":"https:\/\/www.europesays.com\/se\/wp-json\/wp\/v2\/categories?post=15636"},{"taxonomy":"post_tag","embeddable":true,"href":"https:\/\/www.europesays.com\/se\/wp-json\/wp\/v2\/tags?post=15636"}],"curies":[{"name":"wp","href":"https:\/\/api.w.org\/{rel}","templated":true}]}}