{"id":15667,"date":"2025-08-28T08:42:07","date_gmt":"2025-08-28T08:42:07","guid":{"rendered":"https:\/\/www.europesays.com\/se\/15667\/"},"modified":"2025-08-28T08:42:07","modified_gmt":"2025-08-28T08:42:07","slug":"carl-bengtstrom-efter-skadan-reser-till-tokyo-trots-allt","status":"publish","type":"post","link":"https:\/\/www.europesays.com\/se\/15667\/","title":{"rendered":"Carl Bengtstr\u00f6m efter skadan \u2013 reser till Tokyo trots allt"},"content":{"rendered":"<p>Publicerad 28 aug 2025 kl 09.44<\/p>\n<p>Carl Bengtstr\u00f6m har inte t\u00e4vlat p\u00e5 \u00f6ver en m\u00e5nad.\u00a0<\/p>\n<p>Men nu meddelar h\u00e4ckl\u00f6paren att han \u00e4r klar f\u00f6r VM.\u00a0<\/p>\n<p>\u2013\u00a0Det k\u00e4nns j\u00e4kligt bra, s\u00e4ger han till Radiosporten.\u00a0<\/p>\n<p><img   alt=\"\"\/> <\/p>\n<p>Foto: VEGARD GR\u00d8TT \/ BILDBYR\u00c5N<\/p>\n<p>\u00d6ppna bild i helsk\u00e4rm<\/p>\n<p>Carl Bengtstr\u00f6m hade ett starkt 2024.\u00a0<\/p>\n<p>25-\u00e5ringen tog EM-brons p\u00e5 400 meter h\u00e4ck i Rom, slog Sven Nylanders svenska rekord p\u00e5 distansen och tog sig till OS-semifinal.\u00a0<\/p>\n<p>\u00c5rets s\u00e4song har varit desto tyngre.\u00a0<\/p>\n<p>En bristning i baksida l\u00e5r i samband med lag-SM har stoppat h\u00e4ckl\u00f6paren fr\u00e5n SM, Finnkamp och andra friidrottsgalor.\u00a0<\/p>\n<p>Bengtstr\u00f6m \u00e5ker till VM<\/p>\n<p>I slutet av juli meddelade Bengtstr\u00f6m att han mest troligt skulle missa VM i Tokyo \u2013 men nu kommer ett annorlunda besked.\u00a0<\/p>\n<p>\u2013\u00a0Jag \u00e5ker till Tokyo-VM, och det k\u00e4nns j\u00e4kligt bra, s\u00e4ger han <a href=\"https:\/\/www.sverigesradio.se\/artikel\/avslojar-bengtstrom-fri-fran-skadan-reser-till-vm\" rel=\"nofollow noopener\" target=\"_blank\">till Radiosporten<\/a>.\u00a0<\/p>\n<p>Rehabprocessen har g\u00e5tt ov\u00e4ntat snabbt.\u00a0<\/p>\n<p>\u2013\u00a0Det har blivit v\u00e4ldigt mycket b\u00e4ttre p\u00e5 kort tid, menar han.\u00a0<\/p>\n<p>Carl Bengtstr\u00f6m \u00e4r tillsammans med Oskar Edlund har p\u00e5 f\u00f6rhand tagits ut f\u00f6r att representera Sverige p\u00e5 VM i Tokyo, som inleds 13 september.\u00a0<\/p>\n<p>Den slutgiltiga truppen meddelas p\u00e5 s\u00f6ndag.\u00a0<\/p>\n","protected":false},"excerpt":{"rendered":"Publicerad 28 aug 2025 kl 09.44 Carl Bengtstr\u00f6m har inte t\u00e4vlat p\u00e5 \u00f6ver en m\u00e5nad.\u00a0 Men nu meddelar&hellip;\n","protected":false},"author":2,"featured_media":15668,"comment_status":"","ping_status":"","sticky":false,"template":"","format":"standard","meta":{"footnotes":""},"categories":[68],"tags":[2014,34,811,111,110,31,33,32,30],"class_list":{"0":"post-15667","1":"post","2":"type-post","3":"status-publish","4":"format-standard","5":"has-post-thumbnail","7":"category-sport","8":"tag-organization-friidrotts-vm","9":"tag-se","10":"tag-sections-friidrott","11":"tag-sport","12":"tag-sports","13":"tag-svenska","14":"tag-sverige","15":"tag-sweden","16":"tag-swedish"},"share_on_mastodon":{"url":"","error":""},"_links":{"self":[{"href":"https:\/\/www.europesays.com\/se\/wp-json\/wp\/v2\/posts\/15667","targetHints":{"allow":["GET"]}}],"collection":[{"href":"https:\/\/www.europesays.com\/se\/wp-json\/wp\/v2\/posts"}],"about":[{"href":"https:\/\/www.europesays.com\/se\/wp-json\/wp\/v2\/types\/post"}],"author":[{"embeddable":true,"href":"https:\/\/www.europesays.com\/se\/wp-json\/wp\/v2\/users\/2"}],"replies":[{"embeddable":true,"href":"https:\/\/www.europesays.com\/se\/wp-json\/wp\/v2\/comments?post=15667"}],"version-history":[{"count":0,"href":"https:\/\/www.europesays.com\/se\/wp-json\/wp\/v2\/posts\/15667\/revisions"}],"wp:featuredmedia":[{"embeddable":true,"href":"https:\/\/www.europesays.com\/se\/wp-json\/wp\/v2\/media\/15668"}],"wp:attachment":[{"href":"https:\/\/www.europesays.com\/se\/wp-json\/wp\/v2\/media?parent=15667"}],"wp:term":[{"taxonomy":"category","embeddable":true,"href":"https:\/\/www.europesays.com\/se\/wp-json\/wp\/v2\/categories?post=15667"},{"taxonomy":"post_tag","embeddable":true,"href":"https:\/\/www.europesays.com\/se\/wp-json\/wp\/v2\/tags?post=15667"}],"curies":[{"name":"wp","href":"https:\/\/api.w.org\/{rel}","templated":true}]}}