{"id":15691,"date":"2025-08-28T09:06:29","date_gmt":"2025-08-28T09:06:29","guid":{"rendered":"https:\/\/www.europesays.com\/se\/15691\/"},"modified":"2025-08-28T09:06:29","modified_gmt":"2025-08-28T09:06:29","slug":"filip-windlert-klar-for-sodertalje-stabil-back","status":"publish","type":"post","link":"https:\/\/www.europesays.com\/se\/15691\/","title":{"rendered":"Filip Windlert klar f\u00f6r S\u00f6dert\u00e4lje: &#8221;Stabil back&#8221;"},"content":{"rendered":"<p><strong>Filip Windlert fick inte vara kvar i AIK.<br \/>Nu \u00e4r backen klar f\u00f6r spel i konkurrenten S\u00f6dert\u00e4lje.<\/strong><\/p>\n<p><img loading=\"lazy\" decoding=\"async\" width=\"1024\" height=\"658\" src=\"https:\/\/www.europesays.com\/se\/wp-content\/uploads\/2025\/08\/240916SD059-1024x658.webp.webp\" alt=\"Filip Windlert\" class=\"wp-image-299306\"  \/>Filip Windlert.<br \/><strong>Foto: <\/strong>Sara Damne\/Bildbyr\u00e5n<\/p>\n<p><a href=\"https:\/\/hockeysverige.se\/klubb\/sodertalje-sk\/\" rel=\"nofollow noopener\" target=\"_blank\">S\u00f6dert\u00e4lje<\/a> meddelar via sin hemsida att Filip Windlert skrivit p\u00e5 ett korttidskontrakt med klubben. Beskedet kommer kort efter att S\u00f6dert\u00e4lje meddelat att man <a href=\"https:\/\/hockeysverige.se\/hockeyallsvenskan\/sodertalje-andrew-nielsen-bryter-nya-kontraktet-efter-en-manad\/\" rel=\"nofollow noopener\" target=\"_blank\">brutit avtalet med Andrew Nielsen<\/a>, som skrev ett nytt kontrakt med klubben s\u00e5 sent som f\u00f6r en dryg m\u00e5nad sedan.<\/p>\n<p>\u2013 Filip kommer in och ers\u00e4tter Andrew. I Filip f\u00e5r vi in en stabil back med massor av erfarenhet av Hockeyallsvenskan. Vi \u00e4r mycket glada \u00f6ver den h\u00e4r l\u00f6sningen och h\u00e4lsar Filip varmt v\u00e4lkommen till Sportklubben, s\u00e4ger sportchefen Emil Georgsson till sajten.<\/p>\n<p>Windlerts kontrakt med S\u00f6dert\u00e4lje str\u00e4cker sig fram till den 31 oktober med option f\u00f6r f\u00f6rl\u00e4ngning.<\/p>\n<p>L\u00e4mnade AIK efter en sommar av tystnad<\/p>\n<p>32-\u00e5rignen var lagkapten i <a href=\"https:\/\/hockeysverige.se\/klubb\/aik-hockey\" rel=\"nofollow noopener\" target=\"_blank\">AIK<\/a> f\u00f6rra s\u00e4songen, men <a href=\"https:\/\/hockeysverige.se\/hockeyallsvenskan\/lagkaptenen-vantar-pa-att-aik-ska-ringa-blir-ledsen\/\" rel=\"nofollow noopener\" target=\"_blank\">fick l\u00e4mna klubben<\/a> i somras <a href=\"https:\/\/www.expressen.se\/sport\/hockey\/hockeyallsvenskan\/lagkaptenen-dumpas-av-aik-i-tystnad-han-ringer-aldrig\/\" rel=\"nofollow noopener\" target=\"_blank\">efter att ha m\u00f6tts av tystnad fr\u00e5n sportchefen Lasse Johansson<\/a>. <\/p>\n<p>\u2013 Allts\u00e5, det enda man h\u00f6r \u00e4r att Lasse ska ringa mig. Men han ringer liksom aldrig. D\u00e5 \u00e4r det klart att d\u00e5 b\u00f6rjar man ju fundera p\u00e5 att uppenbarligen \u00e4r det n\u00e5gonting som inte st\u00e5r r\u00e4tt till. D\u00e5 hade vi kunnat l\u00f6sa det flera veckor tidigare. Jag \u00e4r inte superknepig att ha att g\u00f6ra med, s\u00e4rskilt inte n\u00e4r det g\u00e4ller AIK. Jag tror att vi hade kunnat l\u00f6sa det j\u00e4ttefort om de hade haft intresse av det, ber\u00e4ttade Windlert f\u00f6r Expressen i g\u00e5r.<\/p>\n<p>S\u00f6dert\u00e4lje blir Windlerts fj\u00e4rde klubb i <a href=\"https:\/\/hockeysverige.se\/hockeyallsvenskan\/\" rel=\"nofollow noopener\" target=\"_blank\">Hockeyallsvenskan<\/a>. F\u00f6rutom AIK har han \u00e4ven spelat i Pantern och Malm\u00f6 p\u00e5 allsvensk niv\u00e5.<\/p>\n","protected":false},"excerpt":{"rendered":"Filip Windlert fick inte vara kvar i AIK.Nu \u00e4r backen klar f\u00f6r spel i konkurrenten S\u00f6dert\u00e4lje. Filip Windlert.Foto:&hellip;\n","protected":false},"author":2,"featured_media":15692,"comment_status":"","ping_status":"","sticky":false,"template":"","format":"standard","meta":{"footnotes":""},"categories":[68],"tags":[621,34,133,111,110,31,33,32,30],"class_list":{"0":"post-15691","1":"post","2":"type-post","3":"status-publish","4":"format-standard","5":"has-post-thumbnail","7":"category-sport","8":"tag-hockeyallsvenskan","9":"tag-se","10":"tag-second-news","11":"tag-sport","12":"tag-sports","13":"tag-svenska","14":"tag-sverige","15":"tag-sweden","16":"tag-swedish"},"share_on_mastodon":{"url":"","error":""},"_links":{"self":[{"href":"https:\/\/www.europesays.com\/se\/wp-json\/wp\/v2\/posts\/15691","targetHints":{"allow":["GET"]}}],"collection":[{"href":"https:\/\/www.europesays.com\/se\/wp-json\/wp\/v2\/posts"}],"about":[{"href":"https:\/\/www.europesays.com\/se\/wp-json\/wp\/v2\/types\/post"}],"author":[{"embeddable":true,"href":"https:\/\/www.europesays.com\/se\/wp-json\/wp\/v2\/users\/2"}],"replies":[{"embeddable":true,"href":"https:\/\/www.europesays.com\/se\/wp-json\/wp\/v2\/comments?post=15691"}],"version-history":[{"count":0,"href":"https:\/\/www.europesays.com\/se\/wp-json\/wp\/v2\/posts\/15691\/revisions"}],"wp:featuredmedia":[{"embeddable":true,"href":"https:\/\/www.europesays.com\/se\/wp-json\/wp\/v2\/media\/15692"}],"wp:attachment":[{"href":"https:\/\/www.europesays.com\/se\/wp-json\/wp\/v2\/media?parent=15691"}],"wp:term":[{"taxonomy":"category","embeddable":true,"href":"https:\/\/www.europesays.com\/se\/wp-json\/wp\/v2\/categories?post=15691"},{"taxonomy":"post_tag","embeddable":true,"href":"https:\/\/www.europesays.com\/se\/wp-json\/wp\/v2\/tags?post=15691"}],"curies":[{"name":"wp","href":"https:\/\/api.w.org\/{rel}","templated":true}]}}