{"id":156999,"date":"2026-02-05T11:32:15","date_gmt":"2026-02-05T11:32:15","guid":{"rendered":"https:\/\/www.europesays.com\/se\/156999\/"},"modified":"2026-02-05T11:32:15","modified_gmt":"2026-02-05T11:32:15","slug":"tre-kronor-dam-agerar-efter-finska-kraksjukekaoset","status":"publish","type":"post","link":"https:\/\/www.europesays.com\/se\/156999\/","title":{"rendered":"Tre Kronor dam agerar efter finska kr\u00e4ksjukekaoset"},"content":{"rendered":"<p>Flera lag har drabbats efter Finlands sjukdomskaos i OS-byn \u2013 och Sverige agerar nu.<\/p>\n<p>\u2013 Vi vet ju inte vad det \u00e4r, s\u00e4ger truppchefen Fredrik Joulamo.<\/p>\n<p>Samtidigt sprids bilder fr\u00e5n en karaokekv\u00e4ll med det finska laget bara dagar f\u00f6re sjukdomsutbrottet.<\/p>\n<p><img   alt=\"\"\/><\/p>\n<p>Tre Kronor dam-spelarna Mira Hallin, Ebba Hedqvist, Hanna Olsson och Lisa Johansson i OS-byn i Milano.<\/p>\n<p>Foto: JOEL MARKLUND \/ BILDBYR\u00c5N<\/p>\n<p>\u00d6ppna bild i helsk\u00e4rm<img loading=\"lazy\"   alt=\"\"\/> <\/p>\n<p>Foto: JOHANNA S\u00c4LL \/ BILDBYR\u00c5N<\/p>\n<p>\u00d6ppna bild i helsk\u00e4rm<img loading=\"lazy\"   alt=\"\"\/><\/p>\n<p>Hilda Svensson i Tre Kronor dam.<\/p>\n<p>Foto: Johan Nilsson \/ TT \/ TT NYHETSBYR\u00c5N<\/p>\n<p>\u00d6ppna bild i helsk\u00e4rm<\/p>\n<p>Under <a href=\"https:\/\/www.expressen.se\/sport\/os\/folj-os-2026-direkt-har-\/?post=77f2ed19-98d6-4f97-8dba-19c3f285837d\" rel=\"nofollow noopener\" target=\"_blank\">onsdagen kom beskedet<\/a> att det finska damhockeylandslaget drabbats av sjukdomsfall.<\/p>\n<p>Fyra spelare i OS-truppen misst\u00e4nks ha f\u00e5tt vinterkr\u00e4ksjuka, eller det s\u00e5 kallade noroviruset.<\/p>\n<p>En video som Finlands hockeyf\u00f6rbund sj\u00e4lva publicerade visar hur laget var samlade i en tr\u00e5ng restaurang i Milano p\u00e5 s\u00f6ndagskv\u00e4llen och sj\u00f6ng karaoke. Bilderna har skapat rubriker i finl\u00e4ndska medier och pekas ut som en m\u00f6jlig f\u00f6rklaring till smitth\u00e4rden, d\u00e5 noroviruset i regel sprids enkelt mellan personer i direktkontakt.<\/p>\n<p>\u201dEn pinsam video. S\u00e5 h\u00e4r festade det finska laget f\u00f6re norovirusbeskedet\u201d, skriver den finska tidningen <a href=\"https:\/\/www.iltalehti.fi\/milano-cortinan-olympialaiset-2026\/a\/6517165f-efd2-4035-9ad2-489555722493\" rel=\"nofollow noopener\" target=\"_blank\">Iltalehti<\/a>.\u00a0<\/p>\n<p>Finlands hockeyf\u00f6rbund s\u00e4ger i en kommentar till tidningen:<\/p>\n<p>\u2013 Damlejonen \u00e5t p\u00e5 en restaurang utanf\u00f6r t\u00e4vlingsbyn p\u00e5 s\u00f6ndagen. Det \u00e4r om\u00f6jligt att veta var sjukdomen kommer ifr\u00e5n, eftersom den l\u00e4tt \u00f6verf\u00f6rs fr\u00e5n ytor och mat.<\/p>\n<p><a href=\"https:\/\/www.instagram.com\/p\/DUP_P8IjIXi\/?hidecaption=true\" data-provider=\"instagram\" class=\"js-social-embed\" rel=\"nofollow noopener\" target=\"_blank\">https:\/\/www.instagram.com\/p\/DUP_P8IjIXi\/?hidecaption=true<\/a><\/p>\n<p>Det finska laget bor i samma hus som den svenska OS-truppen i OS-byn i Milano.\u00a0<\/p>\n<p>Det har f\u00e5tt Tre Kronor dam att agera.\u00a0<\/p>\n<p>\u2013 Det vi har f\u00e5tt reda p\u00e5 \u00e4r att Finland har f\u00e5tt n\u00e5gon form av magsjuka. Vi vet \u00e4ven att Frankrike har f\u00e5tt n\u00e5got liknande och att USA har vi f\u00e5tt indikationer p\u00e5 att det \u00e4r n\u00e5gonting som har g\u00e5tt, s\u00e4ger Joulamo.<\/p>\n<p>Han vill inte s\u00e4ga f\u00f6r mycket om orsakerna \u00e4n.\u00a0<\/p>\n<p>\u2013 Jag tror inte det har gjorts n\u00e5gra analyser \u00e4n s\u00e5 l\u00e4nge, vad jag vet i alla fall, p\u00e5 vad det h\u00e4r kan handla om. Det skulle kunna vara mat, det skulle kunna vara ett visst bl\u00e4ck av mat vid en viss tidpunkt. Det skulle kunna vara att man har med sig n\u00e5gonting in&#8230;<\/p>\n<p>G\u00f6r specialplan f\u00f6r tv\u00e4ttstugan<\/p>\n<p>Joulamo har direktkontakt med finska motsvarigheten f\u00f6r att g\u00f6ra en plan f\u00f6r att minimera riskerna f\u00f6r de svenska spelarna.\u00a0<\/p>\n<p>\u2013 Vi f\u00f6rs\u00f6ker g\u00f6ra upp: vilka v\u00e4gar de anv\u00e4nder, vilka hissar anv\u00e4nder de och hur jobbar man med tv\u00e4ttstuga och annat som \u00e4r delade lokaler. S\u00e5 vi har en bra dialog d\u00e4r. I \u00f6vrigt s\u00e5 f\u00f6rs\u00f6ker vi ju undvika n\u00e4rkontakt med aktiva fr\u00e5n andra l\u00e4nder nu. Anv\u00e4nda handsprit men tv\u00e4tta h\u00e4nderna v\u00e4ldigt noga. Det \u00e4r ungef\u00e4r vad man kan g\u00f6ra, s\u00e4ger han.\u00a0<\/p>\n<p><img loading=\"lazy\"   alt=\"\"\/><\/p>\n<p>Svenska truppchefen Fredrik Joulamo.<\/p>\n<p>Foto: JOEL MARKLUND \/ BILDBYR\u00c5N<\/p>\n<p>\u00d6ppna bild i helsk\u00e4rm<\/p>\n<p>Sverige har inte f\u00e5tt n\u00e5gra anledningar att \u00f6verv\u00e4ga n\u00e5gra isoleringar i nul\u00e4get.<\/p>\n<p>\u2013 Men f\u00e5r vi indikationer p\u00e5 att n\u00e5gonting h\u00e4nder med n\u00e5gon av v\u00e5ra spelare, d\u00e5 tar vi det ansvaret, ser till att den personen, eller de personerna, f\u00e5r egna rum och h\u00e5ller dem avskilda fr\u00e5n resten av OS-byn.\u00a0<\/p>\n<p>Joualmo s\u00e4ger att det inte g\u00e5r att undvika s\u00e5na h\u00e4r saker helt under ett stort m\u00e4sterskap som OS, d\u00e4r det \u00e4r ofr\u00e5nkomligt att m\u00e5nga personer \u00e4r p\u00e5 samma platser under kort tid.\u00a0<\/p>\n<p>Annons<\/p>\n<p>\u2013 S\u00e5 det \u00e4r sv\u00e5rt. Vi kan inte \u00e4ta n\u00e5gon annanstans. Vi m\u00e5ste kunna \u00e5ka i bussar, vi m\u00e5ste kunna anv\u00e4nda tv\u00e4ttstugor, s\u00e4ger han.\u00a0<\/p>\n<p>\u201dBeh\u00f6ver ju inte kramas\u201d<\/p>\n<p>Hanna Olsson, en av <a href=\"https:\/\/www.expressen.se\/tagg\/organization\/damkronorna\/\" class=\"\" rel=\"nofollow noopener\" target=\"_blank\">Damkronornas<\/a> spelare, ber\u00e4ttar under medietr\u00e4ffen under onsdagen att laget haft ett informationsm\u00f6te om hur man ska t\u00e4nka efter sjukdomsutbrottet.<\/p>\n<p>\u2013 Vi hade ett kort lagm\u00f6te innan vi \u00e5kte hit faktiskt och fick information av v\u00e5r lagl\u00e4kare om hur vi ska f\u00f6rh\u00e5lla oss. Hoppas inte det kommer in i v\u00e5rt lag.<\/p>\n<p>\u2013 Vi kan inte bara st\u00e4nga det ute heller utan m\u00e5ste optimera och vara professionella som lag s\u00e5 att det inte kommer in till oss. Det g\u00e4ller att vara smart.<\/p>\n<p>Hilda Svensson h\u00e5ller med:\u00a0<\/p>\n<p>\u2013 Just nu \u00e4r det att h\u00e5lla avst\u00e5nd fr\u00e5n de flesta och tv\u00e4tta h\u00e4nderna. Och man beh\u00f6ver ju kanske inte kramas med dem&#8230;<\/p>\n<p><strong>L\u00c4S MER: <\/strong><a href=\"https:\/\/www.expressen.se\/sport\/os\/stor-guide-tv-tider-och-spelschema-for-tre-kronor-i-os-2026-i-milano\/\" class=\"\" rel=\"nofollow noopener\" target=\"_blank\">Stor guide: Tv-tider och spelschema f\u00f6r Tre Kronor i OS 2026 i Milano<\/a><strong>L\u00c4S MER: <\/strong><a href=\"https:\/\/www.expressen.se\/sport\/os\/vandningen-i-os-byn-efter-antisexsangarna-sjukt\/\" class=\"\" rel=\"nofollow noopener\" target=\"_blank\">V\u00e4ndningen i OS-byn efter antisexs\u00e4ngarna: \u201dSjukt\u201d<\/a><script async src=\"\/\/www.instagram.com\/embed.js\"><\/script><\/p>\n","protected":false},"excerpt":{"rendered":"Flera lag har drabbats efter Finlands sjukdomskaos i OS-byn \u2013 och Sverige agerar nu. \u2013 Vi vet ju&hellip;\n","protected":false},"author":2,"featured_media":157000,"comment_status":"","ping_status":"","sticky":false,"template":"","format":"standard","meta":{"footnotes":""},"categories":[68],"tags":[12347,1355,14393,34,12567,111,110,31,33,32,30],"class_list":{"0":"post-156999","1":"post","2":"type-post","3":"status-publish","4":"format-standard","5":"has-post-thumbnail","7":"category-sport","8":"tag-newsstory-os-2026-i-milano-cortina","9":"tag-organization-damkronorna","10":"tag-organization-hockey-i-os","11":"tag-se","12":"tag-sections-os","13":"tag-sport","14":"tag-sports","15":"tag-svenska","16":"tag-sverige","17":"tag-sweden","18":"tag-swedish"},"share_on_mastodon":{"url":"https:\/\/pubeurope.com\/@se\/116017806996464438","error":""},"_links":{"self":[{"href":"https:\/\/www.europesays.com\/se\/wp-json\/wp\/v2\/posts\/156999","targetHints":{"allow":["GET"]}}],"collection":[{"href":"https:\/\/www.europesays.com\/se\/wp-json\/wp\/v2\/posts"}],"about":[{"href":"https:\/\/www.europesays.com\/se\/wp-json\/wp\/v2\/types\/post"}],"author":[{"embeddable":true,"href":"https:\/\/www.europesays.com\/se\/wp-json\/wp\/v2\/users\/2"}],"replies":[{"embeddable":true,"href":"https:\/\/www.europesays.com\/se\/wp-json\/wp\/v2\/comments?post=156999"}],"version-history":[{"count":0,"href":"https:\/\/www.europesays.com\/se\/wp-json\/wp\/v2\/posts\/156999\/revisions"}],"wp:featuredmedia":[{"embeddable":true,"href":"https:\/\/www.europesays.com\/se\/wp-json\/wp\/v2\/media\/157000"}],"wp:attachment":[{"href":"https:\/\/www.europesays.com\/se\/wp-json\/wp\/v2\/media?parent=156999"}],"wp:term":[{"taxonomy":"category","embeddable":true,"href":"https:\/\/www.europesays.com\/se\/wp-json\/wp\/v2\/categories?post=156999"},{"taxonomy":"post_tag","embeddable":true,"href":"https:\/\/www.europesays.com\/se\/wp-json\/wp\/v2\/tags?post=156999"}],"curies":[{"name":"wp","href":"https:\/\/api.w.org\/{rel}","templated":true}]}}