{"id":1570,"date":"2025-08-11T06:22:08","date_gmt":"2025-08-11T06:22:08","guid":{"rendered":"https:\/\/www.europesays.com\/se\/1570\/"},"modified":"2025-08-11T06:22:08","modified_gmt":"2025-08-11T06:22:08","slug":"christer-gardell-positiv-borssyn-men-varnar-for-bubblor","status":"publish","type":"post","link":"https:\/\/www.europesays.com\/se\/1570\/","title":{"rendered":"Christer Gardell: Positiv b\u00f6rssyn men varnar f\u00f6r bubblor"},"content":{"rendered":"<p>&#13;<br \/>\n                        Han pekar s\u00e4rskilt ut marknaden f\u00f6r privata krediter, som vuxit kraftigt utanf\u00f6r banksystemets reglering och d\u00e4r han ser l\u00e5g transparens med betydande risker.<\/p>\n<p>&#8221;Private credit-marknaden har exploderat fullst\u00e4ndigt och det \u00e4r ett omr\u00e5de som har oerh\u00f6rt l\u00e5g transparens. Ingen vet hur stora riskerna \u00e4r och de \u00e4r ocks\u00e5 sammanfl\u00e4tade p\u00e5 ett litet l\u00e4skigt s\u00e4tt, och volymerna \u00e4r enorma. Den kombinationen g\u00f6r mig alltid lite orolig.&#8221;<\/p>\n<p>\u00c4ven f\u00f6rsvarssektorn och bitcoin anses vara s\u00e5 kallade &#8221;bubblor&#8221;. Han tror samtidigt att USA:s mellan\u00e5rsval n\u00e4sta \u00e5r begr\u00e4nsar politiska utspel och att Europas ekonomi \u00e4r p\u00e5 v\u00e4g att bottna ur, med st\u00f6d av l\u00e4gre r\u00e4ntor och stimulanser. Trots kronans f\u00f6rst\u00e4rkning i \u00e5r h\u00e5ller Gardell fast vid att Sverige b\u00f6r inf\u00f6ra euron, och kallar kronan f\u00f6r en skvalpvaluta med l\u00e5ngsiktig f\u00f6rsvagningstrend. <\/p>\n<p>Avslutningsvis ser han fortsatt h\u00f6gre v\u00e4rderingar p\u00e5 amerikanska aktier j\u00e4mf\u00f6rt med europeiska, och sp\u00e5r att st\u00f6rre bolag p\u00e5 sikt kan samlas p\u00e5 en global b\u00f6rs baserad i USA.&#13;\n                    <\/p>\n","protected":false},"excerpt":{"rendered":"&#13; Han pekar s\u00e4rskilt ut marknaden f\u00f6r privata krediter, som vuxit kraftigt utanf\u00f6r banksystemets reglering och d\u00e4r han&hellip;\n","protected":false},"author":2,"featured_media":1571,"comment_status":"","ping_status":"","sticky":false,"template":"","format":"standard","meta":{"footnotes":""},"categories":[65],"tags":[72,70,71,454,453,451,452,34,31,33,32,30,455],"class_list":{"0":"post-1570","1":"post","2":"type-post","3":"status-publish","4":"format-standard","5":"has-post-thumbnail","7":"category-ekonomi","8":"tag-business","9":"tag-economy","10":"tag-ekonomi","11":"tag-ekonomisk-analys","12":"tag-finans","13":"tag-finansiella-nyheter","14":"tag-investera","15":"tag-se","16":"tag-svenska","17":"tag-sverige","18":"tag-sweden","19":"tag-swedish","20":"tag-trading"},"share_on_mastodon":{"url":"","error":""},"_links":{"self":[{"href":"https:\/\/www.europesays.com\/se\/wp-json\/wp\/v2\/posts\/1570","targetHints":{"allow":["GET"]}}],"collection":[{"href":"https:\/\/www.europesays.com\/se\/wp-json\/wp\/v2\/posts"}],"about":[{"href":"https:\/\/www.europesays.com\/se\/wp-json\/wp\/v2\/types\/post"}],"author":[{"embeddable":true,"href":"https:\/\/www.europesays.com\/se\/wp-json\/wp\/v2\/users\/2"}],"replies":[{"embeddable":true,"href":"https:\/\/www.europesays.com\/se\/wp-json\/wp\/v2\/comments?post=1570"}],"version-history":[{"count":0,"href":"https:\/\/www.europesays.com\/se\/wp-json\/wp\/v2\/posts\/1570\/revisions"}],"wp:featuredmedia":[{"embeddable":true,"href":"https:\/\/www.europesays.com\/se\/wp-json\/wp\/v2\/media\/1571"}],"wp:attachment":[{"href":"https:\/\/www.europesays.com\/se\/wp-json\/wp\/v2\/media?parent=1570"}],"wp:term":[{"taxonomy":"category","embeddable":true,"href":"https:\/\/www.europesays.com\/se\/wp-json\/wp\/v2\/categories?post=1570"},{"taxonomy":"post_tag","embeddable":true,"href":"https:\/\/www.europesays.com\/se\/wp-json\/wp\/v2\/tags?post=1570"}],"curies":[{"name":"wp","href":"https:\/\/api.w.org\/{rel}","templated":true}]}}