{"id":157503,"date":"2026-02-05T21:56:19","date_gmt":"2026-02-05T21:56:19","guid":{"rendered":"https:\/\/www.europesays.com\/se\/157503\/"},"modified":"2026-02-05T21:56:19","modified_gmt":"2026-02-05T21:56:19","slug":"epsteins-hemliga-rikedomar-tjanade-miljoner-pa-spotify","status":"publish","type":"post","link":"https:\/\/www.europesays.com\/se\/157503\/","title":{"rendered":"Epsteins hemliga rikedomar: Tj\u00e4nade miljoner p\u00e5 Spotify"},"content":{"rendered":"<p>Jeffrey Epstein var god f\u00f6r \u00f6ver 5 miljarder kronor n\u00e4r han dog. De nyligen sl\u00e4ppta dokumenten visar hans aff\u00e4rer med krypto, diamanter och Palantir-grundaren Peter Thiel. Trots k\u00e4nda sexbrott var han en fortsatt favorit i finansv\u00e4rlden under m\u00e5nga \u00e5r. Under 2017 serverades \u00f6vergreppsmiljard\u00e4ren en m\u00e5ngmiljoninvestering i Spotify som n\u00e4stan f\u00f6rdubblades p\u00e5 ett \u00e5r.<\/p>\n<p>\u2013 Du \u00e4r f\u00f6rst p\u00e5 tur, skriver hans hedgefondf\u00f6rvaltare om investeringen i det svenska bolaget.<\/p>\n","protected":false},"excerpt":{"rendered":"Jeffrey Epstein var god f\u00f6r \u00f6ver 5 miljarder kronor n\u00e4r han dog. De nyligen sl\u00e4ppta dokumenten visar hans&hellip;\n","protected":false},"author":2,"featured_media":157504,"comment_status":"","ping_status":"","sticky":false,"template":"","format":"standard","meta":{"footnotes":""},"categories":[5],"tags":[22,23,26,27,17,21,24,25,28,29,15,16,18,34,31,33,32,30,19,20],"class_list":{"0":"post-157503","1":"post","2":"type-post","3":"status-publish","4":"format-standard","5":"has-post-thumbnail","7":"category-rubriker","8":"tag-breaking-news","9":"tag-breakingnews","10":"tag-featured-news","11":"tag-featurednews","12":"tag-headlines","13":"tag-huvudnyheter","14":"tag-latest-news","15":"tag-latestnews","16":"tag-main-news","17":"tag-mainnews","18":"tag-news","19":"tag-nyheter","20":"tag-rubriker","21":"tag-se","22":"tag-svenska","23":"tag-sverige","24":"tag-sweden","25":"tag-swedish","26":"tag-top-stories","27":"tag-topstories"},"share_on_mastodon":{"url":"https:\/\/pubeurope.com\/@se\/116020260522076677","error":""},"_links":{"self":[{"href":"https:\/\/www.europesays.com\/se\/wp-json\/wp\/v2\/posts\/157503","targetHints":{"allow":["GET"]}}],"collection":[{"href":"https:\/\/www.europesays.com\/se\/wp-json\/wp\/v2\/posts"}],"about":[{"href":"https:\/\/www.europesays.com\/se\/wp-json\/wp\/v2\/types\/post"}],"author":[{"embeddable":true,"href":"https:\/\/www.europesays.com\/se\/wp-json\/wp\/v2\/users\/2"}],"replies":[{"embeddable":true,"href":"https:\/\/www.europesays.com\/se\/wp-json\/wp\/v2\/comments?post=157503"}],"version-history":[{"count":0,"href":"https:\/\/www.europesays.com\/se\/wp-json\/wp\/v2\/posts\/157503\/revisions"}],"wp:featuredmedia":[{"embeddable":true,"href":"https:\/\/www.europesays.com\/se\/wp-json\/wp\/v2\/media\/157504"}],"wp:attachment":[{"href":"https:\/\/www.europesays.com\/se\/wp-json\/wp\/v2\/media?parent=157503"}],"wp:term":[{"taxonomy":"category","embeddable":true,"href":"https:\/\/www.europesays.com\/se\/wp-json\/wp\/v2\/categories?post=157503"},{"taxonomy":"post_tag","embeddable":true,"href":"https:\/\/www.europesays.com\/se\/wp-json\/wp\/v2\/tags?post=157503"}],"curies":[{"name":"wp","href":"https:\/\/api.w.org\/{rel}","templated":true}]}}