{"id":157508,"date":"2026-02-05T22:04:14","date_gmt":"2026-02-05T22:04:14","guid":{"rendered":"https:\/\/www.europesays.com\/se\/157508\/"},"modified":"2026-02-05T22:04:14","modified_gmt":"2026-02-05T22:04:14","slug":"resultat-195-usd-aktie-4-kv-est-196-ny2","status":"publish","type":"post","link":"https:\/\/www.europesays.com\/se\/157508\/","title":{"rendered":"RESULTAT 1:95 USD\/AKTIE 4 KV (EST 1:96) (NY2)"},"content":{"rendered":"<p class=\"font-sans text-base text-text-main dark:text-text-main-dark font-normal leading-[1.4]\">(Till\u00e4gg: P\u00e5 flera st\u00e4llen i texten)<\/p>\n<p class=\"font-sans text-base text-text-main dark:text-text-main-dark font-normal leading-[1.4]\">STOCKHOLM (Nyhetsbyr\u00e5n Direkt) Den amerikanska n\u00e4thandelsj\u00e4tten Amazon redovisar ett resultat per aktie p\u00e5 1:95 dollar f\u00f6r det fj\u00e4rde kvartalet 2025.<\/p>\n<p class=\"font-sans text-base text-text-main dark:text-text-main-dark font-normal leading-[1.4]\">Analytikernas f\u00f6rv\u00e4ntningar var ett resultat p\u00e5 1:96 dollar per aktie, enligt en snittprognos fr\u00e5n S&amp;P Global Market Intelligence.<\/p>\n<p class=\"font-sans text-base text-text-main dark:text-text-main-dark font-normal leading-[1.4]\">F\u00f6rs\u00e4ljningen var 213 miljarder dollar, att j\u00e4mf\u00f6ra med v\u00e4ntade 211 miljarder dollar.<\/p>\n<p class=\"font-sans text-base text-text-main dark:text-text-main-dark font-normal leading-[1.4]\">Amazons molntj\u00e4nst Amazon Web Services omsatte 35,6 miljarder dollar i kvartalet, vilket motsvarar en \u00f6kning med 24 procent j\u00e4mf\u00f6rt med f\u00f6reg\u00e5ende \u00e5r och n\u00e5got \u00f6ver f\u00f6rv\u00e4ntningarna.<\/p>\n<p class=\"font-sans text-base text-text-main dark:text-text-main-dark font-normal leading-[1.4]\">Vidare sp\u00e5r Amazon att f\u00f6rs\u00e4ljningen f\u00f6r det f\u00f6rsta kvartalet 2026 uppg\u00e5r till mellan 173,5 och 178,5 miljarder dollar, vilket ligger i linje med analytikernas f\u00f6rv\u00e4ntningar p\u00e5 175,1 miljarder dollar.<\/p>\n<p class=\"font-sans text-base text-text-main dark:text-text-main-dark font-normal leading-[1.4]\">R\u00f6relseresultatet f\u00f6rv\u00e4ntas uppg\u00e5 till 16,5-21,5 miljarder dollar f\u00f6r det f\u00f6rsta kvartalet, n\u00e5got under f\u00f6rv\u00e4ntningarna p\u00e5 22,2 miljarder dollar.<\/p>\n<p class=\"font-sans text-base text-text-main dark:text-text-main-dark font-normal leading-[1.4]\">F\u00f6r hel\u00e5ret 2026 uppgav bolaget att man f\u00f6rv\u00e4ntar sig investeringarna (capex) forts\u00e4tter att \u00f6ka, d\u00e5 f\u00f6retaget aggressivt satsar p\u00e5 datacenter och annan infrastruktur f\u00f6r att m\u00f6ta den kraftigt \u00f6kade efterfr\u00e5gan p\u00e5 artificiell intelligens.<\/p>\n<p class=\"font-sans text-base text-text-main dark:text-text-main-dark font-normal leading-[1.4]\">F\u00f6retaget sp\u00e5r att capex kommer att uppg\u00e5 till 200 miljarder dollar, att j\u00e4mf\u00f6ra med f\u00f6rv\u00e4ntningarna p\u00e5 144,7 miljarder dollar, rapporterar CNBC.<\/p>\n<p class=\"font-sans text-base text-text-main dark:text-text-main-dark font-normal leading-[1.4]\">&#8221;Med en s\u00e5 stark efterfr\u00e5gan p\u00e5 v\u00e5ra befintliga tj\u00e4nster och banbrytande m\u00f6jligheter som AI, chip, robotik och LEO-satelliter (low earth orbit), f\u00f6rv\u00e4ntar vi oss att investera cirka 200 miljarder dollar i capex \u00f6ver hela Amazon under 2026, och vi r\u00e4knar med en stark l\u00e5ngsiktig avkastning p\u00e5 det investerade kapitalet,&#8221; uppger vd Andy Jessy.<\/p>\n<p class=\"font-sans text-base text-text-main dark:text-text-main-dark font-normal leading-[1.4]\">Aktien f\u00f6ll drygt 7 procent kort efter i den amerikanska efterhandeln.<\/p>\n<p class=\"font-sans text-base text-text-main dark:text-text-main-dark font-normal leading-[1.4]\">Lydia Lindwall +46 8 5191 7911<\/p>\n<p class=\"font-sans text-base text-text-main dark:text-text-main-dark font-normal leading-[1.4]\">Nyhetsbyr\u00e5n Direkt<\/p>\n","protected":false},"excerpt":{"rendered":"(Till\u00e4gg: P\u00e5 flera st\u00e4llen i texten) STOCKHOLM (Nyhetsbyr\u00e5n Direkt) Den amerikanska n\u00e4thandelsj\u00e4tten Amazon redovisar ett resultat per aktie&hellip;\n","protected":false},"author":2,"featured_media":119816,"comment_status":"","ping_status":"","sticky":false,"template":"","format":"standard","meta":{"footnotes":""},"categories":[5],"tags":[22,23,26,27,17,21,24,25,28,29,15,16,18,34,31,33,32,30,19,20],"class_list":{"0":"post-157508","1":"post","2":"type-post","3":"status-publish","4":"format-standard","5":"has-post-thumbnail","7":"category-rubriker","8":"tag-breaking-news","9":"tag-breakingnews","10":"tag-featured-news","11":"tag-featurednews","12":"tag-headlines","13":"tag-huvudnyheter","14":"tag-latest-news","15":"tag-latestnews","16":"tag-main-news","17":"tag-mainnews","18":"tag-news","19":"tag-nyheter","20":"tag-rubriker","21":"tag-se","22":"tag-svenska","23":"tag-sverige","24":"tag-sweden","25":"tag-swedish","26":"tag-top-stories","27":"tag-topstories"},"share_on_mastodon":{"url":"https:\/\/pubeurope.com\/@se\/116020292179396160","error":""},"_links":{"self":[{"href":"https:\/\/www.europesays.com\/se\/wp-json\/wp\/v2\/posts\/157508","targetHints":{"allow":["GET"]}}],"collection":[{"href":"https:\/\/www.europesays.com\/se\/wp-json\/wp\/v2\/posts"}],"about":[{"href":"https:\/\/www.europesays.com\/se\/wp-json\/wp\/v2\/types\/post"}],"author":[{"embeddable":true,"href":"https:\/\/www.europesays.com\/se\/wp-json\/wp\/v2\/users\/2"}],"replies":[{"embeddable":true,"href":"https:\/\/www.europesays.com\/se\/wp-json\/wp\/v2\/comments?post=157508"}],"version-history":[{"count":0,"href":"https:\/\/www.europesays.com\/se\/wp-json\/wp\/v2\/posts\/157508\/revisions"}],"wp:featuredmedia":[{"embeddable":true,"href":"https:\/\/www.europesays.com\/se\/wp-json\/wp\/v2\/media\/119816"}],"wp:attachment":[{"href":"https:\/\/www.europesays.com\/se\/wp-json\/wp\/v2\/media?parent=157508"}],"wp:term":[{"taxonomy":"category","embeddable":true,"href":"https:\/\/www.europesays.com\/se\/wp-json\/wp\/v2\/categories?post=157508"},{"taxonomy":"post_tag","embeddable":true,"href":"https:\/\/www.europesays.com\/se\/wp-json\/wp\/v2\/tags?post=157508"}],"curies":[{"name":"wp","href":"https:\/\/api.w.org\/{rel}","templated":true}]}}