{"id":157533,"date":"2026-02-05T23:08:16","date_gmt":"2026-02-05T23:08:16","guid":{"rendered":"https:\/\/www.europesays.com\/se\/157533\/"},"modified":"2026-02-05T23:08:16","modified_gmt":"2026-02-05T23:08:16","slug":"karin-frick-om-ai-porrbilderna-krankande-os","status":"publish","type":"post","link":"https:\/\/www.europesays.com\/se\/157533\/","title":{"rendered":"Karin Frick om AI-porrbilderna: \u201dKr\u00e4nkande\u201d | OS"},"content":{"rendered":"<p>En man i 60-\u00e5rs\u00e5ldern \u2013 som tidigare d\u00f6mts f\u00f6r flera sexbrott \u2013 st\u00e5r \u00e5talad f\u00f6r att ha skickat AI-genererade porrbilder av OS-aktuella Karin Frick till k\u00e4ndisar, sportprofiler och hennes yrkeskontakter.\u00a0<\/p>\n<p>Det efter att han sparat ner \u00f6ver 26 000 filer p\u00e5 Frick.\u00a0<\/p>\n<p>\u2013 Det \u00e4r f\u00f6rst\u00e5s extremt kr\u00e4nkande och v\u00e4ldigt obehagligt, s\u00e4ger Karin Frick.\u00a0<\/p>\n<p><img   alt=\"\"\/><\/p>\n<p>Karin Frick \u00e4r programledare under SVT:s OS-s\u00e4ndningar.<\/p>\n<p>Foto: ANNA-KARIN NILSSON<\/p>\n<p>\u00d6ppna bild i helsk\u00e4rm<\/p>\n<p>N\u00e4r OS i Milano Cortina nu inleds blir det Karin Fricks f\u00f6rsta jobb som programledare i <a href=\"https:\/\/www.expressen.se\/tagg\/organization\/svt\/\" class=\"\" rel=\"nofollow noopener\" target=\"_blank\">SVT<\/a>.<\/p>\n<p>Hon har sedan tidigare en l\u00e5ng erfarenhet som programledare p\u00e5 TV4 och HBO Max.<\/p>\n<p>Tillsammans med Andr\u00e9 Pops och Yvette Hermundstad ska Frick nu lotsa tittarna genom SVT:s s\u00e4ndningar fr\u00e5n de olympiska spelen i Italien.\u00a0<\/p>\n<p>Samtidigt g\u00e5r Karin Frick en tuff match privat.<\/p>\n<p>I slutet av f\u00f6rra \u00e5ret v\u00e4cktes \u00e5tal mot en man i 60-\u00e5rs\u00e5ldern som nu st\u00e5r misst\u00e4nkt f\u00f6r olaga hot och grovt f\u00f6rtal mot Frick.\u00a0<\/p>\n<p>Den omfattande polisutredningen visar bland annat att den misst\u00e4nkte mannen sparat ned 26 589 filer om Karin Frick och hennes anh\u00f6riga p\u00e5 ett minneskort.\u00a0<\/p>\n<p>Efter att ha AI-genererat delar av materialet till pornografiska bilder p\u00e5 Karin Frick skickade han dem till hennes bekantskapskrets, men ocks\u00e5 sportprofiler, svensk elitfotboll, k\u00e4ndisar, v\u00e4lg\u00f6renhetsorganisationer och spahotell med budskapet att hon \u00e4r \u201den klanderv\u00e4rd person\u201d.<\/p>\n<p>\u2013 Det r\u00e5der inga tvivel om att brottsligheten har varit av extremt integritetskr\u00e4nkande natur och v\u00e5llat m\u00e5ls\u00e4gandena starka k\u00e4nslor av obehag, s\u00e4ger Karin Fricks advokat Sargon De Basso.\u00a0<\/p>\n<p>Karin Frick kommenterar situationen kort till Expressen: \u00a0<\/p>\n<p>\u2013 Det \u00e4r f\u00f6rst\u00e5s extremt kr\u00e4nkande och v\u00e4ldigt obehagligt, inte minst med tanke p\u00e5 vad han \u00e4r d\u00f6md f\u00f6r tidigare. Ut\u00f6ver det har jag ingen kommentar till detta i nul\u00e4get utan h\u00e4nvisar till min advokat Sargon de Basso d\u00e5 jag vill fokusera p\u00e5 att programleda OS nu, s\u00e4ger Frick.\u00a0<\/p>\n<p>S\u00f6kte kontakt med Frick<\/p>\n<p>Utredning visar ocks\u00e5 att den misst\u00e4nkta mannen s\u00f6kte kontakt med Karin Frick under flera \u00e5r, bland annat via mejl.<\/p>\n<p>Mannen medger ocks\u00e5 att han ringt till Frick i syfte att \u201ddet kunde ha varit trevligt\u201d att h\u00f6ra hennes r\u00f6st.<\/p>\n<p><img loading=\"lazy\"   alt=\"\"\/><\/p>\n<p>Karin Frick g\u00f6r SVT-debut n\u00e4r OS i Milano Cortina inleds.<\/p>\n<p>Foto: Pontus Lundahl\/TT \/ TT NYHETSBYR\u00c5N<\/p>\n<p>\u00d6ppna bild i helsk\u00e4rm<img loading=\"lazy\"   alt=\"\"\/><\/p>\n<p>Karin Frick leder tillsammans med Yvette Hermundstad och Andr\u00e9 Pops SVT:s s\u00e4ndningar fr\u00e5n OS.<\/p>\n<p>Foto: ANNA-KARIN NILSSON<\/p>\n<p>\u00d6ppna bild i helsk\u00e4rm<\/p>\n<p>Brottet som mannen misst\u00e4nks f\u00f6r \u00e4gde rum i b\u00f6rjan av 2025.\u00a0<\/p>\n<p>Karin Frick blev d\u00e5 kontaktad \u00f6ver mejl med hot om spridning av \u00f6ver hundra AI-genererade nakenbilder p\u00e5 henne och hennes anh\u00f6riga.\u00a0<\/p>\n<p>Flera av bilderna beskrivs av polisen som pornografiska. I mejlet skriver g\u00e4rningspersonen till Karin Frick:<\/p>\n<p>\u201dEftersom de \u00e4r extremt verklighetstrogna och ser riktiga ut s\u00e5 \u00e4r de naturligtvis det. Du \u00e4r en ulv i f\u00e5rakl\u00e4der, det \u00f6gat inte ser och vet n\u00e5got om m\u00e5r det inte d\u00e5ligt av heter det ju! M\u00e5nga k\u00e4ndisar som g\u00f6r saker det f\u00f6rdolda avsl\u00f6jas f\u00f6rr eller senare och ingen har sett dig f\u00f6r vad du egentligen \u00e4r tidigare!\u201d<\/p>\n<p>Annons<\/p>\n<p>G\u00e4rningspersonen hotade ocks\u00e5 med att l\u00e4gga ut bilderna p\u00e5 webbsidor \u201dd\u00e4r pedofilerna h\u00e5ller till\u201d.\u00a0<\/p>\n<p>\u201dP\u00e5 grund av ditt k\u00e4ndisskap skulle de och du bli de mest jagade villebr\u00e5den f\u00f6r paparazzis och pedofiler n\u00e5gonsin\u201d, skriver g\u00e4rningspersonen.<\/p>\n<p>Advokaten: \u201dGoda f\u00f6rhoppningar\u201d<\/p>\n<p>Tidigare h\u00e4ndelser fick Frick att fatta misstankar kring vem g\u00e4rningsmannen kunde vara och polisen kunde d\u00e5 ringa in identiteten p\u00e5 mannen i 60-\u00e5rs\u00e5ldern.<\/p>\n<p>R\u00e4tteg\u00e5ngen mot den misst\u00e4nkte mannen inleds i mars. Karin Fricks advokat \u00e4r hoppfull om att vinna m\u00e5let.\u00a0<\/p>\n<p>\u2013 Bevisningen \u00e4r god och v\u00e5r f\u00f6rhoppning \u00e4r att domstolen tydligt markerar mot brottsligheten som ut\u00f6vats systematiskt, s\u00e4ger Sargon De Basso.\u00a0<\/p>\n<p>Mannen nekar till brott<\/p>\n<p>Mannen, som tidigare \u00e4r d\u00f6md f\u00f6r bland annat v\u00e5ldt\u00e4kt mot barn, barnpornografibrott och sexuellt ofredande, nekar till brott.<\/p>\n<p>Han medger att han har laddat ner bilder p\u00e5 Karin Frick, men f\u00f6rnekar att han skapat pornografiska bilder och skickat dem. Han uppger att han hittade de bilderna p\u00e5 internet.<\/p>\n<p>\u201dMin klient nekar till brott eftersom han \u00e4r oskyldig\u201d, skrev den misst\u00e4nkte mannens advokat Sebastian de Ciutiis tidigare i en kommentar till Expressen.<\/p>\n<p><strong>L\u00c4S MER: <\/strong><a href=\"https:\/\/www.expressen.se\/sport\/os\/os-2026--program-och-tv-tider--schema-dag-for-dag\/\" class=\"\" rel=\"nofollow noopener\" target=\"_blank\">OS 2026 \u2022 Program och tv-tider \u2022 Schema dag f\u00f6r dag<\/a><\/p>\n","protected":false},"excerpt":{"rendered":"En man i 60-\u00e5rs\u00e5ldern \u2013 som tidigare d\u00f6mts f\u00f6r flera sexbrott \u2013 st\u00e5r \u00e5talad f\u00f6r att ha skickat&hellip;\n","protected":false},"author":2,"featured_media":157534,"comment_status":"","ping_status":"","sticky":false,"template":"","format":"standard","meta":{"footnotes":""},"categories":[5],"tags":[22,23,26,27,17,21,24,25,28,29,15,12347,16,361,18,34,12567,31,33,32,30,19,20],"class_list":{"0":"post-157533","1":"post","2":"type-post","3":"status-publish","4":"format-standard","5":"has-post-thumbnail","7":"category-rubriker","8":"tag-breaking-news","9":"tag-breakingnews","10":"tag-featured-news","11":"tag-featurednews","12":"tag-headlines","13":"tag-huvudnyheter","14":"tag-latest-news","15":"tag-latestnews","16":"tag-main-news","17":"tag-mainnews","18":"tag-news","19":"tag-newsstory-os-2026-i-milano-cortina","20":"tag-nyheter","21":"tag-organization-svt","22":"tag-rubriker","23":"tag-se","24":"tag-sections-os","25":"tag-svenska","26":"tag-sverige","27":"tag-sweden","28":"tag-swedish","29":"tag-top-stories","30":"tag-topstories"},"share_on_mastodon":{"url":"https:\/\/pubeurope.com\/@se\/116020543666405146","error":""},"_links":{"self":[{"href":"https:\/\/www.europesays.com\/se\/wp-json\/wp\/v2\/posts\/157533","targetHints":{"allow":["GET"]}}],"collection":[{"href":"https:\/\/www.europesays.com\/se\/wp-json\/wp\/v2\/posts"}],"about":[{"href":"https:\/\/www.europesays.com\/se\/wp-json\/wp\/v2\/types\/post"}],"author":[{"embeddable":true,"href":"https:\/\/www.europesays.com\/se\/wp-json\/wp\/v2\/users\/2"}],"replies":[{"embeddable":true,"href":"https:\/\/www.europesays.com\/se\/wp-json\/wp\/v2\/comments?post=157533"}],"version-history":[{"count":0,"href":"https:\/\/www.europesays.com\/se\/wp-json\/wp\/v2\/posts\/157533\/revisions"}],"wp:featuredmedia":[{"embeddable":true,"href":"https:\/\/www.europesays.com\/se\/wp-json\/wp\/v2\/media\/157534"}],"wp:attachment":[{"href":"https:\/\/www.europesays.com\/se\/wp-json\/wp\/v2\/media?parent=157533"}],"wp:term":[{"taxonomy":"category","embeddable":true,"href":"https:\/\/www.europesays.com\/se\/wp-json\/wp\/v2\/categories?post=157533"},{"taxonomy":"post_tag","embeddable":true,"href":"https:\/\/www.europesays.com\/se\/wp-json\/wp\/v2\/tags?post=157533"}],"curies":[{"name":"wp","href":"https:\/\/api.w.org\/{rel}","templated":true}]}}