{"id":157537,"date":"2026-02-05T23:16:07","date_gmt":"2026-02-05T23:16:07","guid":{"rendered":"https:\/\/www.europesays.com\/se\/157537\/"},"modified":"2026-02-05T23:16:07","modified_gmt":"2026-02-05T23:16:07","slug":"hatsk-debatt-om-tonarsutvisningar-i-aktuellt","status":"publish","type":"post","link":"https:\/\/www.europesays.com\/se\/157537\/","title":{"rendered":"H\u00e4tsk debatt om ton\u00e5rsutvisningar i Aktuellt"},"content":{"rendered":"<p>Huruvida ungdomar som v\u00e4xt upp i Sverige ska kunna utvisas n\u00e4r de fyller 18 \u2013 trots att deras f\u00f6r\u00e4ldrar och sm\u00e5syskon f\u00e5r stanna, har v\u00e4ckt stor diskussion sedan <a href=\"https:\/\/www.svt.se\/nyheter\/inrikes\/c-toppens-ord-om-s-da-ar-de-dumma-i-huvudet\" rel=\"nofollow noopener\" target=\"_blank\">MP, V och C g\u00e5tt ut med ett f\u00f6rslag<\/a> om att stoppa ton\u00e5rsutvisningarna.<\/p>\n<p>Annika Hirvonen, Milj\u00f6partiets migrationspolitiska talesperson, lyfte i <a href=\"https:\/\/www.svtplay.se\/video\/e4ddWYQ\/aktuellt\/ikvall-21-00?video=visa&amp;position=1109\" rel=\"nofollow noopener\" target=\"_blank\">SVT:s Aktuellt<\/a> flera fall d\u00e4r 18-\u00e5ringar f\u00e5tt omtvistade utvisningsbeslut fr\u00e5n Migrationsverket.<\/p>\n<p>N\u00e5got som fick migrationsminister Johan Forssell att reagera.<\/p>\n<p>\u2013 Jag tycker faktiskt det \u00e4r ganska l\u00f6jligt. Vi har en r\u00e4ttss\u00e4ker migrationspolitik, det \u00e4r alltid oberoende domstolar som tar besluten, och det vet Annika Hirvonen.<\/p>\n<p>\u2013 Domstolarna har inte gjort fel, domstolarna har f\u00f6ljt eran lag. Och det \u00e4r lagen som vi m\u00e5ste \u00e4ndra p\u00e5, kontrade Hirvonen.<\/p>\n<p>Hirvonen (MP): Utvisar s\u00e5 m\u00e5nga som m\u00f6jligt<\/p>\n<p>Annika Hirvonen fortsatte att kritisera regeringens migrationspolitik i stort.<\/p>\n<p>\u2013 Det h\u00e4r \u00e4r resultatet av en medveten politik som g\u00e5r ut p\u00e5 att man ska utvisa s\u00e5 m\u00e5nga som m\u00f6jligt och att m\u00e5nga ska ha s\u00e5 d\u00e5liga f\u00f6rh\u00e5llanden som m\u00f6jligt under tiden man \u00e4r h\u00e4r, sa hon.<\/p>\n<p>Forssell understr\u00f6k att b\u00e5de Migrationsverket och oberoende domstolar g\u00f6r noggranna individuella bed\u00f6mningar.<\/p>\n<p>\u2013 Om man f\u00e5r avslag och inte har skyddssk\u00e4l, d\u00e5 m\u00e5ste man faktiskt \u00e5terv\u00e4nda hem. Annars har man inte en reglerad invandring. Det \u00e4r ocks\u00e5 viktigt f\u00f6r att vi ska kunna klara integrationen.<\/p>\n<p>Enligt migrationsministern ser regeringen nu \u00f6ver m\u00f6jligheterna att inf\u00f6ra \u00f6verg\u00e5ngsbest\u00e4mmelser f\u00f6r situationer d\u00e4r ett barn fyllt 18 \u00e5r men fortfarande bed\u00f6ms vara beroende av sin familj. <a href=\"https:\/\/www.svt.se\/nyheter\/inrikes\/intern-s-kritik-mot-utvisningar-vi-maste-vara-humana\" rel=\"nofollow noopener\" target=\"_blank\">S \u00e4r \u00f6ppna<\/a> f\u00f6r att samarbeta med regeringen i fr\u00e5gan.<\/p>\n<p>Tycker du det \u00e4r rimligt att en 18-\u00e5ring som g\u00e5r i gymnasiet skiljs fr\u00e5n sin familj?<\/p>\n<p>\u2013 Grunden i Sverige \u00e4r att man ska ha ett uppeh\u00e5llstillst\u00e5nd, och n\u00e5gon g\u00e5ng i livet \u00e4r man ju vuxen, s\u00e4ger Johan Forssell (M).<\/p>\n","protected":false},"excerpt":{"rendered":"Huruvida ungdomar som v\u00e4xt upp i Sverige ska kunna utvisas n\u00e4r de fyller 18 \u2013 trots att deras&hellip;\n","protected":false},"author":2,"featured_media":157538,"comment_status":"","ping_status":"","sticky":false,"template":"","format":"standard","meta":{"footnotes":""},"categories":[5],"tags":[22,23,26,27,17,21,24,25,28,29,15,16,18,34,31,33,32,30,19,20],"class_list":{"0":"post-157537","1":"post","2":"type-post","3":"status-publish","4":"format-standard","5":"has-post-thumbnail","7":"category-rubriker","8":"tag-breaking-news","9":"tag-breakingnews","10":"tag-featured-news","11":"tag-featurednews","12":"tag-headlines","13":"tag-huvudnyheter","14":"tag-latest-news","15":"tag-latestnews","16":"tag-main-news","17":"tag-mainnews","18":"tag-news","19":"tag-nyheter","20":"tag-rubriker","21":"tag-se","22":"tag-svenska","23":"tag-sverige","24":"tag-sweden","25":"tag-swedish","26":"tag-top-stories","27":"tag-topstories"},"share_on_mastodon":{"url":"https:\/\/pubeurope.com\/@se\/116020575121311145","error":""},"_links":{"self":[{"href":"https:\/\/www.europesays.com\/se\/wp-json\/wp\/v2\/posts\/157537","targetHints":{"allow":["GET"]}}],"collection":[{"href":"https:\/\/www.europesays.com\/se\/wp-json\/wp\/v2\/posts"}],"about":[{"href":"https:\/\/www.europesays.com\/se\/wp-json\/wp\/v2\/types\/post"}],"author":[{"embeddable":true,"href":"https:\/\/www.europesays.com\/se\/wp-json\/wp\/v2\/users\/2"}],"replies":[{"embeddable":true,"href":"https:\/\/www.europesays.com\/se\/wp-json\/wp\/v2\/comments?post=157537"}],"version-history":[{"count":0,"href":"https:\/\/www.europesays.com\/se\/wp-json\/wp\/v2\/posts\/157537\/revisions"}],"wp:featuredmedia":[{"embeddable":true,"href":"https:\/\/www.europesays.com\/se\/wp-json\/wp\/v2\/media\/157538"}],"wp:attachment":[{"href":"https:\/\/www.europesays.com\/se\/wp-json\/wp\/v2\/media?parent=157537"}],"wp:term":[{"taxonomy":"category","embeddable":true,"href":"https:\/\/www.europesays.com\/se\/wp-json\/wp\/v2\/categories?post=157537"},{"taxonomy":"post_tag","embeddable":true,"href":"https:\/\/www.europesays.com\/se\/wp-json\/wp\/v2\/tags?post=157537"}],"curies":[{"name":"wp","href":"https:\/\/api.w.org\/{rel}","templated":true}]}}