{"id":157555,"date":"2026-02-05T23:56:45","date_gmt":"2026-02-05T23:56:45","guid":{"rendered":"https:\/\/www.europesays.com\/se\/157555\/"},"modified":"2026-02-05T23:56:45","modified_gmt":"2026-02-05T23:56:45","slug":"mildefs-vd-kommer-fortsatta-investera-for-att-oka-leveransformagan","status":"publish","type":"post","link":"https:\/\/www.europesays.com\/se\/157555\/","title":{"rendered":"Mildefs vd: \u2018Kommer forts\u00e4tta investera f\u00f6r att \u00f6ka leveransf\u00f6rm\u00e5gan\u2019"},"content":{"rendered":"<p class=\"font-sans text-base text-text-main dark:text-text-main-dark font-normal leading-[1.4]\">Enligt industrileverant\u00f6ren Mildefs vd ser situationen i leveransl\u00e4get i b\u00f6rjan av 2026 b\u00e4ttre ut men bolaget kommer forts\u00e4tta investera f\u00f6r att ut\u00f6ka sin f\u00f6rm\u00e5ga.\n <\/p>\n<p>\u2013 Vi kommer forts\u00e4tta att ta investeringar under 2026 f\u00f6r att \u00f6ka leveransf\u00f6rm\u00e5gan, s\u00e4ger Daniel Ljunggren och till\u00e4gger att bolaget upplever sin h\u00f6gsta expansionstakt hittills.\n <\/p>\n<p>Mildef har tidigare kommunicerat utmaningar i leveransl\u00e4get, vilket \u00e4ven n\u00e4mns i vd-ordet till den Q4-rapport som publicerades under morgonen. Ljunggren s\u00e4ger till Finwire att Mildef nu kommit ikapp med leveranser som legat sedan tidigare.\n <\/p>\n<p>Inf\u00f6r kvartalet hade analytiker v\u00e4ntat sig starka siffror. DNB Carnegie hade inf\u00f6r lyft fram bland annat orderstocken som ett viktigt m\u00e5tt. I Q4 \u00f6kade ordering\u00e5ngen 30 procent till 1 005 miljoner kronor. F\u00f6r hel\u00e5ret steg den hela 76 procent till 3 193 miljoner kronor. Orderstocken uppgick per den 31 december 2025 till 3 595 miljoner kronor &#8211; en uppg\u00e5ng motsvarande 75 procent.\n <\/p>\n<p>Men kvartalets ordering\u00e5ng bommade f\u00f6rv\u00e4ntningarna. Konsensus fr\u00e5n Modular Finance var n\u00e4stan 17 procent h\u00f6gre \u00e4n de rapporterade siffrorna. \u00c4ven int\u00e4kterna var n\u00e5got l\u00e4gre medan justerat ebita var n\u00e5got h\u00f6gre p\u00e5 150,8 miljoner kronor.\n <\/p>\n<p>S\u00e5v\u00e4l svenska som europeiska f\u00f6rsvarsbolag har haft ett starkt \u00e5r p\u00e5 b\u00f6rsen och analytiker fr\u00e5n Pareto Securities har tidigare sagt att marknaden \u00e4r i b\u00f6rjan av en \u201csupercykel\u201d.\n <\/p>\n<p>Ljunggren beskriver efterfr\u00e5gan som h\u00f6g samt stigande i takt med att nya f\u00f6rsvarsanslag b\u00f6rjar komma p\u00e5 plats.\n <\/p>\n<p>\u2013 Det har varit en bra efterfr\u00e5gan men jag tycker ocks\u00e5 att jag ser en stigning. Det kommer nog vara s\u00e5 ett par \u00e5r ut i tiden n\u00e4r den h\u00e4r f\u00f6rsvarsupptrappningen ska ske p\u00e5 allvar.\n <\/p>\n<p>En stigande efterfr\u00e5gan fr\u00e5n l\u00e5ga niv\u00e5er noteras p\u00e5 de nordiska marknaderna d\u00e4r en n\u00e4rhet till Ryssland driver satsningar. H\u00f6gre efterfr\u00e5gan v\u00e4ntas \u00e4ven komma fr\u00e5n Tyskland d\u00e4r Mildef nyligen gjorde ett f\u00f6rv\u00e4rv.\n <\/p>\n<p>Utsikterna f\u00f6r 2026 har tidigare beskrivits som goda. Till Finwire s\u00e4ger Ljunggren att det finns goda m\u00f6jligheter f\u00f6r Mildef att forts\u00e4tta v\u00e4xa under det nya \u00e5ret.\n <\/p>\n<p>\u2013 Jag tycker att det man kommer satsa pengar p\u00e5 \u00e4r av betydelse. Digitaliseringen spelar en allt mer avg\u00f6rande roll inom v\u00e5r f\u00f6rsvarsf\u00f6rm\u00e5ga och det tr\u00e4ffar bra in i Mildefs DNA och vad vi levererar, s\u00e4ger Ljunggren.<br \/>\n <br class=\"col-start-2\"\/><\/p>\n<p class=\"font-sans text-base text-text-main dark:text-text-main-dark font-normal leading-[1.4]\">newsroom@finwire.se<br \/>\n <br class=\"col-start-2\"\/><br \/>\n Nyhetsbyr\u00e5n Finwire<\/p>\n","protected":false},"excerpt":{"rendered":"Enligt industrileverant\u00f6ren Mildefs vd ser situationen i leveransl\u00e4get i b\u00f6rjan av 2026 b\u00e4ttre ut men bolaget kommer forts\u00e4tta&hellip;\n","protected":false},"author":2,"featured_media":119816,"comment_status":"","ping_status":"","sticky":false,"template":"","format":"standard","meta":{"footnotes":""},"categories":[5],"tags":[22,23,26,27,17,21,24,25,28,29,15,16,18,34,31,33,32,30,19,20],"class_list":{"0":"post-157555","1":"post","2":"type-post","3":"status-publish","4":"format-standard","5":"has-post-thumbnail","7":"category-rubriker","8":"tag-breaking-news","9":"tag-breakingnews","10":"tag-featured-news","11":"tag-featurednews","12":"tag-headlines","13":"tag-huvudnyheter","14":"tag-latest-news","15":"tag-latestnews","16":"tag-main-news","17":"tag-mainnews","18":"tag-news","19":"tag-nyheter","20":"tag-rubriker","21":"tag-se","22":"tag-svenska","23":"tag-sverige","24":"tag-sweden","25":"tag-swedish","26":"tag-top-stories","27":"tag-topstories"},"share_on_mastodon":{"url":"https:\/\/pubeurope.com\/@se\/116020732383249518","error":""},"_links":{"self":[{"href":"https:\/\/www.europesays.com\/se\/wp-json\/wp\/v2\/posts\/157555","targetHints":{"allow":["GET"]}}],"collection":[{"href":"https:\/\/www.europesays.com\/se\/wp-json\/wp\/v2\/posts"}],"about":[{"href":"https:\/\/www.europesays.com\/se\/wp-json\/wp\/v2\/types\/post"}],"author":[{"embeddable":true,"href":"https:\/\/www.europesays.com\/se\/wp-json\/wp\/v2\/users\/2"}],"replies":[{"embeddable":true,"href":"https:\/\/www.europesays.com\/se\/wp-json\/wp\/v2\/comments?post=157555"}],"version-history":[{"count":0,"href":"https:\/\/www.europesays.com\/se\/wp-json\/wp\/v2\/posts\/157555\/revisions"}],"wp:featuredmedia":[{"embeddable":true,"href":"https:\/\/www.europesays.com\/se\/wp-json\/wp\/v2\/media\/119816"}],"wp:attachment":[{"href":"https:\/\/www.europesays.com\/se\/wp-json\/wp\/v2\/media?parent=157555"}],"wp:term":[{"taxonomy":"category","embeddable":true,"href":"https:\/\/www.europesays.com\/se\/wp-json\/wp\/v2\/categories?post=157555"},{"taxonomy":"post_tag","embeddable":true,"href":"https:\/\/www.europesays.com\/se\/wp-json\/wp\/v2\/tags?post=157555"}],"curies":[{"name":"wp","href":"https:\/\/api.w.org\/{rel}","templated":true}]}}