{"id":157559,"date":"2026-02-06T00:13:26","date_gmt":"2026-02-06T00:13:26","guid":{"rendered":"https:\/\/www.europesays.com\/se\/157559\/"},"modified":"2026-02-06T00:13:26","modified_gmt":"2026-02-06T00:13:26","slug":"halla-dar-herman-varfor-haller-skogsstyrelsen-fast-vid-abin","status":"publish","type":"post","link":"https:\/\/www.europesays.com\/se\/157559\/","title":{"rendered":"Hall\u00e5 d\u00e4r, Herman: Varf\u00f6r h\u00e5ller Skogsstyrelsen fast vid \u00c4bin?"},"content":{"rendered":"<p>            <img width=\"2560\" height=\"1280\" src=\"https:\/\/www.europesays.com\/se\/wp-content\/uploads\/2026\/02\/Halladar_3000x1500-1-scaled.jpg\" class=\"attachment-full size-full\" alt=\"\" decoding=\"async\" fetchpriority=\"high\"  \/><\/p>\n<p id=\"caption-attachment-244130\" class=\"wp-caption-text\">Foto: Per Jonson &amp; Veronika Lax\/Skogsstyrelsen<\/p>\n<p data-beyondwords-marker=\"c9d6389a-ae1e-4e14-bc86-62afd99c18a6\">\u2013\u00a0 Som generaldirekt\u00f6r har man ett tidsbegr\u00e4nsat f\u00f6rordnande och f\u00f6r min del g\u00e5r det ut den sista februari.<\/p>\n<p data-beyondwords-marker=\"8e2bbbab-a2f4-4d28-a21c-92863174252d\">\u2013\u00a0Det \u00e4r en stor och \u00f6ppen fr\u00e5ga. Det finns m\u00e5nga engagerade m\u00e4nniskor, konstellationer, m\u00e5ls\u00e4ttningar och uppfattningar i den svenska \u00e4lgf\u00f6rvaltningen. Grunden i f\u00f6rvaltningssystemet och tanken \u00e4r bra. Om svaret avgr\u00e4nsas till Skogsstyrelsens ansvar att bland myndigheter jobba med att f\u00f6rverkliga r\u00e5dande skogspolitik, s\u00e5 har \u00e4lgf\u00f6rvaltningen p\u00e5 totalen \u00e4nd\u00e5 fungerat hyggligt i meningen att betesskadorna s\u00e5 sakteliga b\u00f6rjat minska, andelen unga tallar utan betesskador har \u00f6kat, likas\u00e5 tallandelen i unga skogar. Det syns ocks\u00e5 att biologiskt viktiga tr\u00e4dslag s\u00e5som r\u00f6nn, asp, s\u00e4lg och ek efterhand f\u00e5tt b\u00e4ttre f\u00f6ruts\u00e4ttningar \u00e4n tidigare.<\/p>\n<p data-beyondwords-marker=\"5809b516-4164-410d-a47a-ffc1f55237ce\">\u2013 Det \u00e4r l\u00e5ngt kvar till m\u00e5ls\u00e4ttningar f\u00f6r andel \u00e5rsskadad tall, men de senaste \u00e5ren har det g\u00e5tt \u00e5t r\u00e4tt h\u00e5ll tack vara j\u00e4gares och mark\u00e4gares insatser. Enstaka \u00e5r kan resultatet sl\u00e5 b\u00e5de upp och ner beroende p\u00e5 exempelvis hur h\u00e5rd vintern varit, s\u00e4rskilt i norra Sverige. Det \u00e4r bland annat d\u00e4rf\u00f6r ett s\u00e5 kallat tre\u00e5rsmedel anv\u00e4nds n\u00e4r betesskador m\u00e4ts. Hur det blir fram\u00e5t med betesskadornas utveckling kommer framtiden utvisa, vi p\u00e5 <a href=\"https:\/\/svenskjakt.se\/tag\/skogsstyrelsen\/\" class=\"tag-link\" aria-label=\"Skogsstyrelsen\" rel=\"nofollow noopener\" target=\"_blank\">Skogsstyrelsen<\/a> arbetar fortsatt f\u00f6r att skadorna ska minska f\u00f6r en l\u00e5ngsiktigt h\u00e5llbar situation f\u00f6r skogen, jakten, ekonomin och f\u00f6r hjortdjurens skull.<\/p>\n<blockquote>\n<p>Det \u00e4r l\u00e5ngt kvar till m\u00e5ls\u00e4ttningar f\u00f6r andel \u00e5rsskadad tall, men de senaste \u00e5ren har det g\u00e5tt \u00e5t r\u00e4tt h\u00e5ll tack vara j\u00e4gares och mark\u00e4gares insatser. <\/p>\n<\/blockquote>\n<p data-beyondwords-marker=\"2f0d0f20-9982-4705-80e9-a3c9e2dc1d74\">\u2013 N\u00e4r det g\u00e4ller f\u00f6rb\u00e4ttringspotential s\u00e5 beh\u00f6ver dialogen mellan olika intressen \u00f6ka, likas\u00e5 f\u00f6rst\u00e5elsen f\u00f6r varandras situation. Insikt om att maximering av nyttan f\u00f6r det egna intresset riskerar att bidra till att utvecklingen l\u00e5ngsiktigt missgynnar allas intressen \u00e4r viktig.\u00a0Att \u00f6ka andelen geografiska omr\u00e5den d\u00e4r s\u00e5 kallad flerartsf\u00f6rvaltning bedrivs \u00e4r en annat utvecklingsomr\u00e5de.\u00a0<\/p>\n<p data-beyondwords-marker=\"509d3f0e-b9fa-4b7e-b0fd-f1fa13b7fd0c\">\u2013\u00a0En \u00f6kad acceptans f\u00f6r satta nu g\u00e4llande m\u00e5l \u00e4r mycket viktig. En utveckling av de foderprognoser som g\u00f6rs \u00e4r ocks\u00e5 n\u00e5got som skulle kunna vara bra. Att <a href=\"https:\/\/svenskjakt.se\/tag\/abin\/\" class=\"tag-link\" aria-label=\"\u00c4bin\" rel=\"nofollow noopener\" target=\"_blank\">\u00c4bin<\/a> genomf\u00f6rs \u00e5rligen i alla \u00e4lgf\u00f6rvaltningsomr\u00e5den i st\u00e4llet f\u00f6r, som nu, i snitt vartannat \u00e5r ger ett \u00f6kat instruktionsv\u00e4rde f\u00f6r skogs- och viltf\u00f6rvaltning. Att \u00e4lgsk\u00f6tselplaner synkas med de planer som g\u00f6rs f\u00f6r hela \u00e4lgf\u00f6rvaltningsomr\u00e5den \u00e4r en annan sak som ocks\u00e5 kan beh\u00f6va f\u00f6rb\u00e4ttras. Att tallmarker \u00e5terbeskogas med tall och att skogssk\u00f6tseln beaktar vikten av \u00f6kad foderm\u00e4ngd \u00e4r viktigt. Vidare \u00e4r det v\u00e4rdefullt med en aktiv \u00e4lg- och flerartsf\u00f6rvaltning med syfte att balansera antalet hjortdjur med fodertillg\u00e5ng och betesskadornas niv\u00e5er.\u00a0<\/p>\n<p data-beyondwords-marker=\"c6943447-d9ae-4b84-932b-ef1bd716eea6\">\u2013\u00a0Extern statistisk expertis har vid upprepade tillf\u00e4llen granskat \u00c4bin som metod och kommit fram till att inventeringsmetoden fungerar v\u00e4l och levererar det som den \u00e4r utformad f\u00f6r att leverera. Min bild \u00e4r att kritiken mot \u00c4bin \u00e4r missriktad och egentligen handlar om att man inte \u00e4r \u00f6verens om m\u00e5len.<\/p>\n<p data-beyondwords-marker=\"bfd91ebc-e316-4ff4-a7ca-e532de01bb72\">\u2013\u00a0Skogen skulle klara sig utan oss m\u00e4nniskor \u2013 det har den gjort i tusentals \u00e5r. N\u00e4r skogen avverkas \u00e4r det f\u00f6r att vi vill anv\u00e4nda virket f\u00f6r olika nyttor. Hur det ska och f\u00e5r g\u00e5 till regleras av olika lagar, regler och inriktningar och \u00e4r en viktig del av skogspolitiken. Skogsstyrelsens uppdrag \u00e4r att f\u00f6ra ut och f\u00f6rverkliga denna skogspolitik. Sedan b\u00f6rjan av 1990-talet bygger skogspolitiken p\u00e5 j\u00e4mst\u00e4llda produktions- och milj\u00f6m\u00e5l. Skogsbruket p\u00e5verkar naturligtvis skogen och dess djurliv. F\u00f6r en del arter \u00e4r p\u00e5verkan starkt positiv medan den f\u00f6r andra arter \u00e4r tydligt negativ.\u00a0<\/p>\n<p data-beyondwords-marker=\"e1c0c906-9081-4d8d-8bcd-73ae1fd1f323\">\u2013\u00a0Vem som \u00e4ger skogen har inte n\u00e5gon betydelse f\u00f6r Skogsstyrelsens myndighetsut\u00f6vning. Skogsv\u00e5rdslagen g\u00e4ller f\u00f6r s\u00e5v\u00e4l privata skogs\u00e4gare som f\u00f6r stora skogsbolag och statligt \u00e4gda Sveaskog.<\/p>\n<p data-beyondwords-marker=\"047c03dd-6005-4f79-9a09-b994f18e8d68\">\u2013\u00a0<strong>\u00a0<\/strong>Anpassning till ett f\u00f6r\u00e4ndrat klimat kommer att vara viktig. Det g\u00e4ller allt ifr\u00e5n konsekvenserna av mindre sn\u00f6 och tj\u00e4le till vilka tr\u00e4dslag som ska anv\u00e4ndas i skogsbruket och hantering av risker f\u00f6r extrema v\u00e4derh\u00e4ndelser. \u00c4ven naturv\u00e5rdens inriktning och jaktens bedrivande kommer att p\u00e5verkas.<\/p>\n<p>\nMissa ingenting \u2013 f\u00e5 Svensk Jakts nyheter i din mejlbox<br \/>\nNyhetsbrevet skickas ut varje vardag.<\/p>\n","protected":false},"excerpt":{"rendered":"Foto: Per Jonson &amp; Veronika Lax\/Skogsstyrelsen \u2013\u00a0 Som generaldirekt\u00f6r har man ett tidsbegr\u00e4nsat f\u00f6rordnande och f\u00f6r min del&hellip;\n","protected":false},"author":2,"featured_media":157560,"comment_status":"","ping_status":"","sticky":false,"template":"","format":"standard","meta":{"footnotes":""},"categories":[5],"tags":[22,23,26,27,17,21,24,25,28,29,15,16,18,34,31,33,32,30,19,20],"class_list":{"0":"post-157559","1":"post","2":"type-post","3":"status-publish","4":"format-standard","5":"has-post-thumbnail","7":"category-rubriker","8":"tag-breaking-news","9":"tag-breakingnews","10":"tag-featured-news","11":"tag-featurednews","12":"tag-headlines","13":"tag-huvudnyheter","14":"tag-latest-news","15":"tag-latestnews","16":"tag-main-news","17":"tag-mainnews","18":"tag-news","19":"tag-nyheter","20":"tag-rubriker","21":"tag-se","22":"tag-svenska","23":"tag-sverige","24":"tag-sweden","25":"tag-swedish","26":"tag-top-stories","27":"tag-topstories"},"share_on_mastodon":{"url":"https:\/\/pubeurope.com\/@se\/116020799478845722","error":""},"_links":{"self":[{"href":"https:\/\/www.europesays.com\/se\/wp-json\/wp\/v2\/posts\/157559","targetHints":{"allow":["GET"]}}],"collection":[{"href":"https:\/\/www.europesays.com\/se\/wp-json\/wp\/v2\/posts"}],"about":[{"href":"https:\/\/www.europesays.com\/se\/wp-json\/wp\/v2\/types\/post"}],"author":[{"embeddable":true,"href":"https:\/\/www.europesays.com\/se\/wp-json\/wp\/v2\/users\/2"}],"replies":[{"embeddable":true,"href":"https:\/\/www.europesays.com\/se\/wp-json\/wp\/v2\/comments?post=157559"}],"version-history":[{"count":0,"href":"https:\/\/www.europesays.com\/se\/wp-json\/wp\/v2\/posts\/157559\/revisions"}],"wp:featuredmedia":[{"embeddable":true,"href":"https:\/\/www.europesays.com\/se\/wp-json\/wp\/v2\/media\/157560"}],"wp:attachment":[{"href":"https:\/\/www.europesays.com\/se\/wp-json\/wp\/v2\/media?parent=157559"}],"wp:term":[{"taxonomy":"category","embeddable":true,"href":"https:\/\/www.europesays.com\/se\/wp-json\/wp\/v2\/categories?post=157559"},{"taxonomy":"post_tag","embeddable":true,"href":"https:\/\/www.europesays.com\/se\/wp-json\/wp\/v2\/tags?post=157559"}],"curies":[{"name":"wp","href":"https:\/\/api.w.org\/{rel}","templated":true}]}}