{"id":157578,"date":"2026-02-06T01:08:07","date_gmt":"2026-02-06T01:08:07","guid":{"rendered":"https:\/\/www.europesays.com\/se\/157578\/"},"modified":"2026-02-06T01:08:07","modified_gmt":"2026-02-06T01:08:07","slug":"jagland-utreds-for-grov-korruption","status":"publish","type":"post","link":"https:\/\/www.europesays.com\/se\/157578\/","title":{"rendered":"Jagland utreds f\u00f6r grov korruption"},"content":{"rendered":"<p>\u201dVi anser att det \u00e4r rimligt att unders\u00f6ka, eftersom han innehade positioner som ordf\u00f6randeskapet i Nobelkommitt\u00e9n och Europar\u00e5dets generalsekreterare under perioder som omfattas av de offentliggjorda dokumenten\u201d, s\u00e4ger Ekobrottsmyndighetens chef P\u00e5l K L\u00f8nseth i en kommentar.Man vill bland annat utreda om Jagland tagit emot g\u00e5vor, resor eller l\u00e5n i samband med att han<\/p>\n","protected":false},"excerpt":{"rendered":"\u201dVi anser att det \u00e4r rimligt att unders\u00f6ka, eftersom han innehade positioner som ordf\u00f6randeskapet i Nobelkommitt\u00e9n och Europar\u00e5dets&hellip;\n","protected":false},"author":2,"featured_media":157579,"comment_status":"","ping_status":"","sticky":false,"template":"","format":"standard","meta":{"footnotes":""},"categories":[14],"tags":[22,23,26,27,17,21,24,25,28,29,15,16,18,34,31,33,32,30,19,20,51,52,53,54],"class_list":{"0":"post-157578","1":"post","2":"type-post","3":"status-publish","4":"format-standard","5":"has-post-thumbnail","7":"category-varlden","8":"tag-breaking-news","9":"tag-breakingnews","10":"tag-featured-news","11":"tag-featurednews","12":"tag-headlines","13":"tag-huvudnyheter","14":"tag-latest-news","15":"tag-latestnews","16":"tag-main-news","17":"tag-mainnews","18":"tag-news","19":"tag-nyheter","20":"tag-rubriker","21":"tag-se","22":"tag-svenska","23":"tag-sverige","24":"tag-sweden","25":"tag-swedish","26":"tag-top-stories","27":"tag-topstories","28":"tag-varlden","29":"tag-world","30":"tag-world-news","31":"tag-worldnews"},"share_on_mastodon":{"url":"https:\/\/pubeurope.com\/@se\/116021015496165660","error":""},"_links":{"self":[{"href":"https:\/\/www.europesays.com\/se\/wp-json\/wp\/v2\/posts\/157578","targetHints":{"allow":["GET"]}}],"collection":[{"href":"https:\/\/www.europesays.com\/se\/wp-json\/wp\/v2\/posts"}],"about":[{"href":"https:\/\/www.europesays.com\/se\/wp-json\/wp\/v2\/types\/post"}],"author":[{"embeddable":true,"href":"https:\/\/www.europesays.com\/se\/wp-json\/wp\/v2\/users\/2"}],"replies":[{"embeddable":true,"href":"https:\/\/www.europesays.com\/se\/wp-json\/wp\/v2\/comments?post=157578"}],"version-history":[{"count":0,"href":"https:\/\/www.europesays.com\/se\/wp-json\/wp\/v2\/posts\/157578\/revisions"}],"wp:featuredmedia":[{"embeddable":true,"href":"https:\/\/www.europesays.com\/se\/wp-json\/wp\/v2\/media\/157579"}],"wp:attachment":[{"href":"https:\/\/www.europesays.com\/se\/wp-json\/wp\/v2\/media?parent=157578"}],"wp:term":[{"taxonomy":"category","embeddable":true,"href":"https:\/\/www.europesays.com\/se\/wp-json\/wp\/v2\/categories?post=157578"},{"taxonomy":"post_tag","embeddable":true,"href":"https:\/\/www.europesays.com\/se\/wp-json\/wp\/v2\/tags?post=157578"}],"curies":[{"name":"wp","href":"https:\/\/api.w.org\/{rel}","templated":true}]}}