{"id":157594,"date":"2026-02-06T02:14:14","date_gmt":"2026-02-06T02:14:14","guid":{"rendered":"https:\/\/www.europesays.com\/se\/157594\/"},"modified":"2026-02-06T02:14:14","modified_gmt":"2026-02-06T02:14:14","slug":"forsta-svenska-forlusten-pa-os","status":"publish","type":"post","link":"https:\/\/www.europesays.com\/se\/157594\/","title":{"rendered":"F\u00f6rsta svenska f\u00f6rlusten p\u00e5 OS"},"content":{"rendered":"<p class=\"boxtextgrotesk-root_baa6 hyperion-css-1w346fg\">Publicerad 2026-02-05 20.46<\/p>\n<p>share-arrowDela<\/p>\n<p>unsaveSpara<\/p>\n<p>expand-left<\/p>\n<p>helsk\u00e4rm<img decoding=\"async\" class=\"image-asset hyperion-css-u06ts1\" data-test-tag=\"image-asset\" src=\"https:\/\/www.europesays.com\/se\/wp-content\/uploads\/2026\/02\/fb39ba4a-74ca-4607-8572-fbe3c7cf70f4.jpeg\"  alt=\"Rasmus Wran\u00e5 i sopduell med Estlands Harri Lill.\"  loading=\"eager\" fetchpriority=\"high\" style=\"aspect-ratio:1900 \/ 1267\"\/>Rasmus Wran\u00e5 i sopduell med Estlands Harri Lill. Foto: Christophe Ena\/AP\/TT<\/p>\n<p class=\"hyperion-css-1shl3oz\" data-test-tag=\"lead-text\">Sverige har \u00e5kt p\u00e5 f\u00f6rsta f\u00f6rlusten sedan OS inleddes. Den kom i curlingmatchen mot Estland i mixed dubbel-turneringens gruppspel.<\/p>\n<p class=\"hyperion-css-1v9qo5x\">Efter tv\u00e5 raka segrar har syskonparet Isabella och Rasmus Wran\u00e5 nu f\u00f6rlorat en match. Duon besegrades av det estl\u00e4ndska laget med 5\u20137.<\/p>\n<p class=\"hyperion-css-1v9qo5x\">\u2013 Vi g\u00f6r n\u00e5gra missar vid lite fel tillf\u00e4llen, n\u00e4r vi ska s\u00e4tta press. Det \u00e4r bara de d\u00e4r sista centimeterna, s\u00e5 det \u00e4r v\u00e4ldigt n\u00e4ra \u00e4nd\u00e5, s\u00e4ger Rasmus Wran\u00e5 till SVT.<\/p>\n<p class=\"hyperion-css-1v9qo5x\">Redan efter andra omg\u00e5ngen tog Estland ledningen med 3\u20131. Efter att ha kvitterat i tredje omg\u00e5ngen tog svenskarna sedan inte po\u00e4ng p\u00e5 tre raka omg\u00e5ngar.<\/p>\n<p class=\"hyperion-css-1v9qo5x\">Det blev tv\u00e5 svenska po\u00e4ng i omg\u00e5ng sju men det r\u00e4ckte inte.<\/p>\n<p class=\"hyperion-css-1v9qo5x\">P\u00e5 fredagen forts\u00e4tter spelet med matcher mot Storbritannien och Norge.<\/p>\n<p class=\"hyperion-css-1v9qo5x\">Av de tio t\u00e4vlande lagen g\u00e5r de fyra b\u00e4sta till semifinal efter att alla lag m\u00f6tt alla.<\/p>\n","protected":false},"excerpt":{"rendered":"Publicerad 2026-02-05 20.46 share-arrowDela unsaveSpara expand-left helsk\u00e4rmRasmus Wran\u00e5 i sopduell med Estlands Harri Lill. Foto: Christophe Ena\/AP\/TT Sverige&hellip;\n","protected":false},"author":2,"featured_media":157595,"comment_status":"","ping_status":"","sticky":false,"template":"","format":"standard","meta":{"footnotes":""},"categories":[5],"tags":[22,23,26,27,17,21,24,25,28,29,15,16,18,34,31,33,32,30,19,20],"class_list":{"0":"post-157594","1":"post","2":"type-post","3":"status-publish","4":"format-standard","5":"has-post-thumbnail","7":"category-rubriker","8":"tag-breaking-news","9":"tag-breakingnews","10":"tag-featured-news","11":"tag-featurednews","12":"tag-headlines","13":"tag-huvudnyheter","14":"tag-latest-news","15":"tag-latestnews","16":"tag-main-news","17":"tag-mainnews","18":"tag-news","19":"tag-nyheter","20":"tag-rubriker","21":"tag-se","22":"tag-svenska","23":"tag-sverige","24":"tag-sweden","25":"tag-swedish","26":"tag-top-stories","27":"tag-topstories"},"share_on_mastodon":{"url":"https:\/\/pubeurope.com\/@se\/116021275046140518","error":""},"_links":{"self":[{"href":"https:\/\/www.europesays.com\/se\/wp-json\/wp\/v2\/posts\/157594","targetHints":{"allow":["GET"]}}],"collection":[{"href":"https:\/\/www.europesays.com\/se\/wp-json\/wp\/v2\/posts"}],"about":[{"href":"https:\/\/www.europesays.com\/se\/wp-json\/wp\/v2\/types\/post"}],"author":[{"embeddable":true,"href":"https:\/\/www.europesays.com\/se\/wp-json\/wp\/v2\/users\/2"}],"replies":[{"embeddable":true,"href":"https:\/\/www.europesays.com\/se\/wp-json\/wp\/v2\/comments?post=157594"}],"version-history":[{"count":0,"href":"https:\/\/www.europesays.com\/se\/wp-json\/wp\/v2\/posts\/157594\/revisions"}],"wp:featuredmedia":[{"embeddable":true,"href":"https:\/\/www.europesays.com\/se\/wp-json\/wp\/v2\/media\/157595"}],"wp:attachment":[{"href":"https:\/\/www.europesays.com\/se\/wp-json\/wp\/v2\/media?parent=157594"}],"wp:term":[{"taxonomy":"category","embeddable":true,"href":"https:\/\/www.europesays.com\/se\/wp-json\/wp\/v2\/categories?post=157594"},{"taxonomy":"post_tag","embeddable":true,"href":"https:\/\/www.europesays.com\/se\/wp-json\/wp\/v2\/tags?post=157594"}],"curies":[{"name":"wp","href":"https:\/\/api.w.org\/{rel}","templated":true}]}}