{"id":157596,"date":"2026-02-06T02:21:15","date_gmt":"2026-02-06T02:21:15","guid":{"rendered":"https:\/\/www.europesays.com\/se\/157596\/"},"modified":"2026-02-06T02:21:15","modified_gmt":"2026-02-06T02:21:15","slug":"landshovdingens-tal-fran-minnesstunden-ett-ar-efter-valdsdadet-pa-campus-risbergska-lansstyrelsen","status":"publish","type":"post","link":"https:\/\/www.europesays.com\/se\/157596\/","title":{"rendered":"Landsh\u00f6vdingens tal fr\u00e5n minnesstunden \u2013 ett \u00e5r efter v\u00e5ldsd\u00e5det p\u00e5 Campus Risbergska &#8211; L\u00e4nsstyrelsen"},"content":{"rendered":"<ol>\n<li><a href=\"https:\/\/news.google.com\/rss\/articles\/CBMiiwJBVV95cUxQNHlVdC1JVlhETHVBcl9FdVdFTVF3YWlCX0FPOW45NENBLWFBUURrNTVJUVlnZUcwckFtUG1lUF9palg2dTdIeVpJaDM2YmcwWHhpY1d3ckVrQnpuLVpGeFY1VWtWYW03UnB2NTRDR042MTVmZFdVWGlla05uQWpSLW9UUklUVVltVlduMjY1VUlrSGJKVHJCeWdGLXNsVFhucExLaWFlWFBLWUgzOERxREVSOXZqZ3l3ekVxZl8ydVNtMFRoWjhBQmRZWWswWEp4V2lPZmVUSUhzejBjMFozY0NPWERkSWRxcVhYdGlVeUg3V3FlOGVtQkdtamN6UHlGY21uTTQ4Q09PQkU?oc=5\" target=\"_blank\" rel=\"nofollow noopener\">Landsh\u00f6vdingens tal fr\u00e5n minnesstunden \u2013 ett \u00e5r efter v\u00e5ldsd\u00e5det p\u00e5 Campus Risbergska<\/a>&nbsp;&nbsp;L\u00e4nsstyrelsen<\/li>\n<li><a href=\"https:\/\/news.google.com\/rss\/articles\/CBMinAFBVV95cUxObGRIWXlLWGV1U2JRWmdWU3NGZU03ZzMtaWcyN3I1Z0JrTHRjQ01FX09vMVRkcXpBLTE2bDBKU24zOTRFS1hlYm9fQkZGaVVQcUJNd28wODB5bmtpWXo0UjdWcVFmUElidTVOTldkREkweUxXQVotOVBlRW84SkpnbE5hby1xd09La0JtYmctUUFJdzN4LU1OUTdxaDQ?oc=5\" target=\"_blank\" rel=\"nofollow noopener\">Drabbade av masskjutningen k\u00e4nner sig svikna \u2013 h\u00e4r ber kommundirekt\u00f6ren om urs\u00e4kt<\/a>&nbsp;&nbsp;SVT Nyheter<\/li>\n<li><a href=\"https:\/\/news.google.com\/rss\/articles\/CBMikAFBVV95cUxQTkdyanBubGRzb0RlTTNKY0V1MFZwdnp4QkZPZjVHZ2xuSXlZVlo4SlktMDBCUkNPTUx6clVmYmVQdVhleUdnekNjamh0ckNpN3NhWWlCYkZqX0ZXcFVNLUphN2VxUWlITlBOR1g5dDhFbkZLa092X2dkRnV4LTNXQVRDS19ZdGhVbXhpUjBxa3A?oc=5\" target=\"_blank\" rel=\"nofollow noopener\">\u201dMin brors blod f\u00e5r inte ha spillts i on\u00f6dan\u201d<\/a>&nbsp;&nbsp;Aftonbladet<\/li>\n<li><a href=\"https:\/\/news.google.com\/rss\/articles\/CBMiqwFBVV95cUxOZFlFYUx3MlEwanZabE5fOVVQcGhKMDdUVG9tcU1nUnJjTU9JM1BTQzhneXpzdW4wcDBRNEVjX3RKN20tYkt2Z0dWYTVXR19uNnBfRGNWVzZNODN4VjRKZnFMYlViQ05xM2NDdVppZnJxQm1CTzg4bVVXMzI1MEVfOW5YZ3k1LXg1YzZuVF80a25LM1JUMlFzN09nY3FFRHotN201Y2tEaDhpNXM?oc=5\" target=\"_blank\" rel=\"nofollow noopener\">\u00c5rsdagen av \u00d6rebrod\u00e5det uppm\u00e4rksammades av Kungafamiljen<\/a>&nbsp;&nbsp;Kungahuset<\/li>\n<li><a href=\"https:\/\/news.google.com\/rss\/articles\/CBMiakFVX3lxTE9qT1hsT1F4azBiZ05xU3pLd0ItdjRtYk9jeWdDbEJPQmNjenJqaGgwZUNGZnA1bEk2UWRYZDV0RmtlemZuZDdfaE53Q2h6OUZ6Q3YxYW5TSEdhck9tcGlwb0twWHB0UjNUNkE?oc=5\" target=\"_blank\" rel=\"nofollow noopener\">M\u00e5nga samlades i \u00d6rebro<\/a>&nbsp;&nbsp;8 Sidor<\/li>\n<\/ol>\n","protected":false},"excerpt":{"rendered":"Landsh\u00f6vdingens tal fr\u00e5n minnesstunden \u2013 ett \u00e5r efter v\u00e5ldsd\u00e5det p\u00e5 Campus Risbergska&nbsp;&nbsp;L\u00e4nsstyrelsen Drabbade av masskjutningen k\u00e4nner sig svikna&hellip;\n","protected":false},"author":2,"featured_media":157597,"comment_status":"","ping_status":"","sticky":false,"template":"","format":"standard","meta":{"footnotes":""},"categories":[12],"tags":[22,23,26,27,17,21,24,25,28,29,15,16,18,34,31,33,32,30,19,20],"class_list":{"0":"post-157596","1":"post","2":"type-post","3":"status-publish","4":"format-standard","5":"has-post-thumbnail","7":"category-sverige","8":"tag-breaking-news","9":"tag-breakingnews","10":"tag-featured-news","11":"tag-featurednews","12":"tag-headlines","13":"tag-huvudnyheter","14":"tag-latest-news","15":"tag-latestnews","16":"tag-main-news","17":"tag-mainnews","18":"tag-news","19":"tag-nyheter","20":"tag-rubriker","21":"tag-se","22":"tag-svenska","23":"tag-sverige","24":"tag-sweden","25":"tag-swedish","26":"tag-top-stories","27":"tag-topstories"},"share_on_mastodon":{"url":"https:\/\/pubeurope.com\/@se\/116021302941175834","error":""},"_links":{"self":[{"href":"https:\/\/www.europesays.com\/se\/wp-json\/wp\/v2\/posts\/157596","targetHints":{"allow":["GET"]}}],"collection":[{"href":"https:\/\/www.europesays.com\/se\/wp-json\/wp\/v2\/posts"}],"about":[{"href":"https:\/\/www.europesays.com\/se\/wp-json\/wp\/v2\/types\/post"}],"author":[{"embeddable":true,"href":"https:\/\/www.europesays.com\/se\/wp-json\/wp\/v2\/users\/2"}],"replies":[{"embeddable":true,"href":"https:\/\/www.europesays.com\/se\/wp-json\/wp\/v2\/comments?post=157596"}],"version-history":[{"count":0,"href":"https:\/\/www.europesays.com\/se\/wp-json\/wp\/v2\/posts\/157596\/revisions"}],"wp:featuredmedia":[{"embeddable":true,"href":"https:\/\/www.europesays.com\/se\/wp-json\/wp\/v2\/media\/157597"}],"wp:attachment":[{"href":"https:\/\/www.europesays.com\/se\/wp-json\/wp\/v2\/media?parent=157596"}],"wp:term":[{"taxonomy":"category","embeddable":true,"href":"https:\/\/www.europesays.com\/se\/wp-json\/wp\/v2\/categories?post=157596"},{"taxonomy":"post_tag","embeddable":true,"href":"https:\/\/www.europesays.com\/se\/wp-json\/wp\/v2\/tags?post=157596"}],"curies":[{"name":"wp","href":"https:\/\/api.w.org\/{rel}","templated":true}]}}