{"id":157598,"date":"2026-02-06T02:22:07","date_gmt":"2026-02-06T02:22:07","guid":{"rendered":"https:\/\/www.europesays.com\/se\/157598\/"},"modified":"2026-02-06T02:22:07","modified_gmt":"2026-02-06T02:22:07","slug":"lo-vill-korta-arbetstiden-arbetsgivarnas-svar-ar-obegripligt","status":"publish","type":"post","link":"https:\/\/www.europesays.com\/se\/157598\/","title":{"rendered":"LO vill korta arbetstiden \u2013 arbetsgivarnas svar \u00e4r obegripligt"},"content":{"rendered":"<p>P\u00e5 tisdagens <a href=\"https:\/\/www.lo.se\/lo-play\/presstraff-lo-presenterar-forslag-om-sankt-arbetstid\" rel=\"nofollow noopener\" target=\"_blank\">presskonferens <\/a>i LO-borgen gav fem LO-toppar ett gemensamt besked: f\u00f6rbunden \u00e4r eniga om arbetstidsf\u00f6rkortning och vill nu kalla Svenskt N\u00e4ringsliv till f\u00f6rhandlingar.<\/p>\n<p>Dagen till \u00e4ra var Landsorganisationens ordf\u00f6rande, Johan Lindholm, kl\u00e4dd i kavaj \u00f6ver en tr\u00f6ja med supermanlogga men med bokst\u00e4verna LO p\u00e5. Han utbrast \u201dDet \u00e4r dags att s\u00e4nka arbetstiden i Sverige! N\u00e4ringslivet och arbetsgivarna s\u00e4ger att det \u00e4r om\u00f6jligt, men det \u00e4r det inte alls\u201d, sade Lindholm.<\/p>\n<p>Med hur m\u00e5nga timmar den nu g\u00e4llande 40-timmarsveckan ska kortas \u00e4r n\u00e5got som ska preciseras under f\u00f6rhandlingarna, informerade LO:s avtalssekreterare Veli-Pekka S\u00e4ikk\u00e4l\u00e4, men b\u00e5de 37 och 35 timmar n\u00e4mndes \u00e4nd\u00e5.<\/p>\n<p>Flera journalister fr\u00e5gade LO:s toppar varf\u00f6r man valt bort att hantera fr\u00e5gan genom politisk p\u00e5verkan och lagstiftning. \u201dNu ska vi s\u00e4tta oss och f\u00f6rhandla!\u201d, svarade S\u00e4ikk\u00e4l\u00e4.<\/p>\n<p><b>Och Svenskt N\u00e4ringsliv <\/b>var snabba med att svara. Det hann knappt g\u00e5 ett par timmar efter LO:s presskonferens innan LO:s utstr\u00e4ckta hand blev nedslagen: \u201dEtt blankt nej\u201d.\u00a0<\/p>\n<p>Ordagrant och tydligt utlagt p\u00e5 Svenskt N\u00e4ringslivs hemsida tillsammans med en m\u00e4rkbart frustrerad f\u00f6rklaring underskriven av vice vd Mattias Dahl. \u201dOm alla skulle g\u00e5 hem en timme tidigare, eller kanske jobba en dag mindre, s\u00e5 \u00e4r det otroligt mycket som g\u00f6rs i dag som inte skulle bli gjort\u201d, skrev han.<\/p>\n<p>F\u00f6r Svenskt N\u00e4ringsliv \u00e4r det helt sj\u00e4lvklart och uppenbart att en generell s\u00e4nkning av arbetstiden bara skulle vara d\u00e5lig. Man har haft precis samma linje i \u00f6ver hundra \u00e5r. Varf\u00f6r \u00e4ndra ett vinnande koncept?<\/p>\n<p>L\u00e4gligt nog finns rykande f\u00e4rsk forskning att ta del av f\u00f6r den som vill utg\u00e5 ifr\u00e5n fakta. I m\u00e5ndags sl\u00e4pptes n\u00e4mligen studien <a href=\"https:\/\/kau.diva-portal.org\/smash\/get\/diva2:2034430\/FULLTEXT02.pdf\" rel=\"nofollow noopener\" target=\"_blank\">\u201d4 Day Week Sverige &amp; Norge\u201d<\/a>, genomf\u00f6rd i samarbete mellan Karlstads universitet, Boston College, 4 Day Week Global, The Rework och PaceLab. Studien bygger p\u00e5 att elva verksamheter i Sverige och Norge under sex m\u00e5nader har testat arbetsveckor enligt modellen 100 procent l\u00f6n p\u00e5 80 procent av arbetstiden. Verksamheterna sp\u00e4nde \u00f6ver b\u00e5de offentlig, privat och ideell sektor: sjukhus, energibolag, socialf\u00f6rvaltning, konsultbyr\u00e5 med flera.<\/p>\n<p>Resultatet n\u00e4r alla i de aktuella verksamheterna gjorde precis enligt Mattias Dahls v\u00e4rsta mardr\u00f6m och jobbade en dag mindre? Verksamheterna gick inte under. De gick inte ens s\u00e4mre. Faktum \u00e4r att i princip allt gick b\u00e4ttre. Stress minskade med 19 procent. De anst\u00e4llda sov b\u00e4ttre. Den psykiska h\u00e4lsan f\u00f6rb\u00e4ttrades. Den upplevda produktiviteten \u00f6kade med 13 procent och arbetsf\u00f6rm\u00e5gan med 10 procent. Ingen verksamhet rapporterade ett s\u00e4mre ekonomiskt utfall i j\u00e4mf\u00f6relse med samma period \u00e5ret innan.<\/p>\n<p><b>F\u00f6r n\u00e5gra \u00e5r<\/b> sedan genomf\u00f6rde Svenska M\u00f6ten en unders\u00f6kning som visade att fyra veckor per person och \u00e5r gick \u00e5t till s\u00e5 kallade \u201dsl\u00f6sm\u00f6ten\u201d. M\u00f6ten som hade kunnat vara ett mejl. M\u00f6ten s\u00e5 diffusa att de helt saknar syfte och m\u00e5l. Studien \u201d4 Day Week Sverige &amp; Norge\u201d f\u00f6rdjupar och betonar ocks\u00e5 detta. Att korta arbetstiden \u00e4r absolut m\u00f6jligt, om verksamheter blir smartare med sin tid. Det handlar om att v\u00e4lja bort s\u00e5dant som inte skapar v\u00e4rde, minska antal m\u00f6ten och inte sl\u00f6sa resurser och kraft p\u00e5 on\u00f6digheter. Alla verksamheter som deltog fick vidta flera \u00e5tg\u00e4rder f\u00f6r att prioritera p\u00e5 r\u00e4tt s\u00e4tt.<\/p>\n<p>Summa summarum: En stor del av arbetstiden g\u00e5r till on\u00f6digheter som varken verksamheten eller m\u00e4nniskorna i den beh\u00f6ver, vinner p\u00e5 eller m\u00e5r bra av. G\u00f6r man sig av med tidssl\u00f6seriet g\u00e5r det att f\u00e5 allt arbete gjort \u00e4nd\u00e5, p\u00e5 fyra dagar i st\u00e4llet f\u00f6r fem.<\/p>\n<p>\u00c4r det den tiden Svenskt N\u00e4ringsliv sl\u00e5ss f\u00f6r att \u00e4nd\u00e5 bevara?<\/p>\n<p>Oavsett ser f\u00f6rhandlingsarbetet aningen sv\u00e5rarbetat ut, trots LO:s stora f\u00f6rhoppningar. Det \u00e4r sv\u00e5rt att f\u00f6rhandla med n\u00e5gon som inte vill.<\/p>\n","protected":false},"excerpt":{"rendered":"P\u00e5 tisdagens presskonferens i LO-borgen gav fem LO-toppar ett gemensamt besked: f\u00f6rbunden \u00e4r eniga om arbetstidsf\u00f6rkortning och vill&hellip;\n","protected":false},"author":2,"featured_media":157599,"comment_status":"","ping_status":"","sticky":false,"template":"","format":"standard","meta":{"footnotes":""},"categories":[5],"tags":[22,23,26,27,17,21,24,25,28,29,15,16,18,34,31,33,32,30,19,20],"class_list":{"0":"post-157598","1":"post","2":"type-post","3":"status-publish","4":"format-standard","5":"has-post-thumbnail","7":"category-rubriker","8":"tag-breaking-news","9":"tag-breakingnews","10":"tag-featured-news","11":"tag-featurednews","12":"tag-headlines","13":"tag-huvudnyheter","14":"tag-latest-news","15":"tag-latestnews","16":"tag-main-news","17":"tag-mainnews","18":"tag-news","19":"tag-nyheter","20":"tag-rubriker","21":"tag-se","22":"tag-svenska","23":"tag-sverige","24":"tag-sweden","25":"tag-swedish","26":"tag-top-stories","27":"tag-topstories"},"share_on_mastodon":{"url":"https:\/\/pubeurope.com\/@se\/116021306472554894","error":""},"_links":{"self":[{"href":"https:\/\/www.europesays.com\/se\/wp-json\/wp\/v2\/posts\/157598","targetHints":{"allow":["GET"]}}],"collection":[{"href":"https:\/\/www.europesays.com\/se\/wp-json\/wp\/v2\/posts"}],"about":[{"href":"https:\/\/www.europesays.com\/se\/wp-json\/wp\/v2\/types\/post"}],"author":[{"embeddable":true,"href":"https:\/\/www.europesays.com\/se\/wp-json\/wp\/v2\/users\/2"}],"replies":[{"embeddable":true,"href":"https:\/\/www.europesays.com\/se\/wp-json\/wp\/v2\/comments?post=157598"}],"version-history":[{"count":0,"href":"https:\/\/www.europesays.com\/se\/wp-json\/wp\/v2\/posts\/157598\/revisions"}],"wp:featuredmedia":[{"embeddable":true,"href":"https:\/\/www.europesays.com\/se\/wp-json\/wp\/v2\/media\/157599"}],"wp:attachment":[{"href":"https:\/\/www.europesays.com\/se\/wp-json\/wp\/v2\/media?parent=157598"}],"wp:term":[{"taxonomy":"category","embeddable":true,"href":"https:\/\/www.europesays.com\/se\/wp-json\/wp\/v2\/categories?post=157598"},{"taxonomy":"post_tag","embeddable":true,"href":"https:\/\/www.europesays.com\/se\/wp-json\/wp\/v2\/tags?post=157598"}],"curies":[{"name":"wp","href":"https:\/\/api.w.org\/{rel}","templated":true}]}}