{"id":157600,"date":"2026-02-06T02:28:08","date_gmt":"2026-02-06T02:28:08","guid":{"rendered":"https:\/\/www.europesays.com\/se\/157600\/"},"modified":"2026-02-06T02:28:08","modified_gmt":"2026-02-06T02:28:08","slug":"fredspristagare-far-kandidera-med-ny-amnestilag","status":"publish","type":"post","link":"https:\/\/www.europesays.com\/se\/157600\/","title":{"rendered":"Fredspristagare f\u00e5r kandidera med ny amnestilag"},"content":{"rendered":"<p>Amnestilagen \u00e4r ett initiativ av interimspresidenten Delcy Rodr\u00edguez, som i b\u00f6rjan av januari tog \u00f6ver styret efter att USA tillf\u00e5ngatagit president Nicol\u00e1s Maduro.Med lagf\u00f6rslaget upph\u00e4vs f\u00f6rbudet mot att flera oppositionsmedlemmar f\u00e5r kandidera till politiska \u00e4mbeten. Det g\u00e4ller bland annat oppositionsledaren Maria Corina Machado, som tilldelades Nobels fredspris 20<\/p>\n","protected":false},"excerpt":{"rendered":"Amnestilagen \u00e4r ett initiativ av interimspresidenten Delcy Rodr\u00edguez, som i b\u00f6rjan av januari tog \u00f6ver styret efter att&hellip;\n","protected":false},"author":2,"featured_media":157601,"comment_status":"","ping_status":"","sticky":false,"template":"","format":"standard","meta":{"footnotes":""},"categories":[14],"tags":[22,23,26,27,17,21,24,25,28,29,15,16,18,34,31,33,32,30,19,20,51,52,53,54],"class_list":{"0":"post-157600","1":"post","2":"type-post","3":"status-publish","4":"format-standard","5":"has-post-thumbnail","7":"category-varlden","8":"tag-breaking-news","9":"tag-breakingnews","10":"tag-featured-news","11":"tag-featurednews","12":"tag-headlines","13":"tag-huvudnyheter","14":"tag-latest-news","15":"tag-latestnews","16":"tag-main-news","17":"tag-mainnews","18":"tag-news","19":"tag-nyheter","20":"tag-rubriker","21":"tag-se","22":"tag-svenska","23":"tag-sverige","24":"tag-sweden","25":"tag-swedish","26":"tag-top-stories","27":"tag-topstories","28":"tag-varlden","29":"tag-world","30":"tag-world-news","31":"tag-worldnews"},"share_on_mastodon":{"url":"https:\/\/pubeurope.com\/@se\/116021330118974219","error":""},"_links":{"self":[{"href":"https:\/\/www.europesays.com\/se\/wp-json\/wp\/v2\/posts\/157600","targetHints":{"allow":["GET"]}}],"collection":[{"href":"https:\/\/www.europesays.com\/se\/wp-json\/wp\/v2\/posts"}],"about":[{"href":"https:\/\/www.europesays.com\/se\/wp-json\/wp\/v2\/types\/post"}],"author":[{"embeddable":true,"href":"https:\/\/www.europesays.com\/se\/wp-json\/wp\/v2\/users\/2"}],"replies":[{"embeddable":true,"href":"https:\/\/www.europesays.com\/se\/wp-json\/wp\/v2\/comments?post=157600"}],"version-history":[{"count":0,"href":"https:\/\/www.europesays.com\/se\/wp-json\/wp\/v2\/posts\/157600\/revisions"}],"wp:featuredmedia":[{"embeddable":true,"href":"https:\/\/www.europesays.com\/se\/wp-json\/wp\/v2\/media\/157601"}],"wp:attachment":[{"href":"https:\/\/www.europesays.com\/se\/wp-json\/wp\/v2\/media?parent=157600"}],"wp:term":[{"taxonomy":"category","embeddable":true,"href":"https:\/\/www.europesays.com\/se\/wp-json\/wp\/v2\/categories?post=157600"},{"taxonomy":"post_tag","embeddable":true,"href":"https:\/\/www.europesays.com\/se\/wp-json\/wp\/v2\/tags?post=157600"}],"curies":[{"name":"wp","href":"https:\/\/api.w.org\/{rel}","templated":true}]}}