{"id":157608,"date":"2026-02-06T02:54:12","date_gmt":"2026-02-06T02:54:12","guid":{"rendered":"https:\/\/www.europesays.com\/se\/157608\/"},"modified":"2026-02-06T02:54:12","modified_gmt":"2026-02-06T02:54:12","slug":"thorbjorn-jagland-utreds-efter-avslojanden-i-epsteinfilerna","status":"publish","type":"post","link":"https:\/\/www.europesays.com\/se\/157608\/","title":{"rendered":"Thorbj\u00f8rn Jagland utreds efter avsl\u00f6janden i Epsteinfilerna"},"content":{"rendered":"<p class=\"sc-15bc8655-0 sc-69680f80-2 fIlQsZ yCsny\">Thorbj\u00f8rn Jagland var mellan oktober 1996 och oktober 1997 Norges statsminister som partiledare f\u00f6r Arbeiderpartiet. Han har \u00e4ven suttit som generalsekreterare i Europar\u00e5det samt som ordf\u00f6rande f\u00f6r Norska Nobelkommitt\u00e9n. <\/p>\n<p class=\"sc-15bc8655-0 sc-69680f80-2 fIlQsZ yCsny\">Nu har Norges ekobrottsmyndighet beslutat att utreda honom, efter misstankar om att han gjort sig skyldig till ekobrott i sina kontakter med Jeffrey Epstein.<\/p>\n<p class=\"sc-15bc8655-0 sc-69680f80-2 fIlQsZ yCsny\">\u2013 Vi har beslutat att inleda en utredning mot Thorbj\u00f8rn Jagland, s\u00e4ger P\u00e5l K. L\u00f8nseth, chef f\u00f6r norska Ekobrottsmyndigheten, till NRK.<\/p>\n<p class=\"sc-15bc8655-0 sc-69680f80-2 fIlQsZ yCsny\">Mer specifikt utreder de om Jagland fick g\u00e5vor, resor och l\u00e5n under tiden han var ordf\u00f6rande f\u00f6r Nobelkommitt\u00e9n och generalsekreterare f\u00f6r Europar\u00e5det.<\/p>\n<p class=\"sc-15bc8655-0 gNSUHN\">Vill h\u00e4va immunitet<\/p>\n<p class=\"sc-15bc8655-0 sc-69680f80-2 fIlQsZ yCsny\">Det finns dock en f\u00f6rsv\u00e5rande omst\u00e4ndighet. Jagland besitter immunitet f\u00f6r sin tidigare roll i Euroapr\u00e5det. Den immuniteten vill nu ekobrottsmyndigheten att norska UD h\u00e4ver, rapporterar <a href=\"https:\/\/www.dagbladet.no\/nyheter\/okokrim-apner-etterforskning-mot-thorbjorn-jagland\/84193955\" class=\"pcc\" target=\"_blank\" rel=\"noopener noreferrer nofollow\">Dagbladet<\/a>.<\/p>\n<p class=\"sc-15bc8655-0 sc-69680f80-2 fIlQsZ yCsny\">\u201dEftersom Jagland har immunitet som tidigare chef f\u00f6r en internationell organisation har Ekokrim bett utrikesministeriet att ta initiativ till att h\u00e4va immuniteten\u201d, skriver myndigheten i ett pressmeddelande.<\/p>\n<p class=\"sc-15bc8655-0 sc-69680f80-2 fIlQsZ yCsny\">Norges utrikesminister Espen Barth Eide \u00e4r enig med Ekobrottsmyndigheten om att Jaglands immunitet m\u00e5ste h\u00e4vas.<\/p>\n<p class=\"sc-15bc8655-0 sc-69680f80-2 fIlQsZ yCsny\">\u2013  Det \u00e4r viktigt att den h\u00e4r fr\u00e5gan klarg\u00f6rs. D\u00e5 kan inte Jaglands immunitet st\u00e5 i v\u00e4gen f\u00f6r en utredning. Jag har d\u00e4rf\u00f6r beslutat att Norge ska l\u00e4gga fram ett f\u00f6rslag till Europar\u00e5dets ministerkommitt\u00e9 om att Jaglands immunitet ska upph\u00e4vas, s\u00e4ger utrikesministern.<\/p>\n<p class=\"sc-15bc8655-0 gNSUHN\">Tar utredningen med ro<\/p>\n<p class=\"sc-15bc8655-0 sc-69680f80-2 fIlQsZ yCsny\">Thorbj\u00f8rn Jaglands f\u00f6rsvarsadvokat, Anders Brosveet, tar dock anklagelserna mot hans klient med ro. Han uppger f\u00f6r <a href=\"https:\/\/www.vg.no\/nyheter\/i\/7p5eko\/oekokrim-aapner-etterforskning-mot-thorbjoern-jagland\" class=\"pcc\" target=\"_blank\" rel=\"noopener noreferrer nofollow\">VG<\/a> att man kommer att samarbeta med utredningen och l\u00e4mna in den dokumentation som efterfr\u00e5gas.<\/p>\n<p class=\"sc-15bc8655-0 sc-69680f80-2 fIlQsZ yCsny\">\u2013 Och baserat p\u00e5 vad vi har funnit, ser vi lugnt p\u00e5 utfallet. Det \u00e4r f\u00f6rst och fr\u00e4mst bra f\u00f6r Jagland att f\u00e5 ett auktoritativt f\u00f6rtydligande fr\u00e5n Ekokrim, snarare \u00e4n att hela pressk\u00e5ren genomf\u00f6r sin egen lilla privata utredning, s\u00e4ger Brosveet. <\/p>\n<p class=\"sc-15bc8655-0 sc-69680f80-2 fIlQsZ yCsny\">Mejl i de senaste Epsteinfilerna visar bland annat att Jagland planerade en familjeresa till Epsteins \u00f6 i Karibien medan han fortfarande var ordf\u00f6rande i Nobelkommitt\u00e9n. Resan ska dock enligt Jagland inte ha blivit av.<\/p>\n","protected":false},"excerpt":{"rendered":"Thorbj\u00f8rn Jagland var mellan oktober 1996 och oktober 1997 Norges statsminister som partiledare f\u00f6r Arbeiderpartiet. Han har \u00e4ven&hellip;\n","protected":false},"author":2,"featured_media":157609,"comment_status":"","ping_status":"","sticky":false,"template":"","format":"standard","meta":{"footnotes":""},"categories":[5],"tags":[22,23,26,27,17,21,24,25,28,29,15,16,18,34,31,33,32,30,19,20],"class_list":{"0":"post-157608","1":"post","2":"type-post","3":"status-publish","4":"format-standard","5":"has-post-thumbnail","7":"category-rubriker","8":"tag-breaking-news","9":"tag-breakingnews","10":"tag-featured-news","11":"tag-featurednews","12":"tag-headlines","13":"tag-huvudnyheter","14":"tag-latest-news","15":"tag-latestnews","16":"tag-main-news","17":"tag-mainnews","18":"tag-news","19":"tag-nyheter","20":"tag-rubriker","21":"tag-se","22":"tag-svenska","23":"tag-sverige","24":"tag-sweden","25":"tag-swedish","26":"tag-top-stories","27":"tag-topstories"},"share_on_mastodon":{"url":"https:\/\/pubeurope.com\/@se\/116021432298375708","error":""},"_links":{"self":[{"href":"https:\/\/www.europesays.com\/se\/wp-json\/wp\/v2\/posts\/157608","targetHints":{"allow":["GET"]}}],"collection":[{"href":"https:\/\/www.europesays.com\/se\/wp-json\/wp\/v2\/posts"}],"about":[{"href":"https:\/\/www.europesays.com\/se\/wp-json\/wp\/v2\/types\/post"}],"author":[{"embeddable":true,"href":"https:\/\/www.europesays.com\/se\/wp-json\/wp\/v2\/users\/2"}],"replies":[{"embeddable":true,"href":"https:\/\/www.europesays.com\/se\/wp-json\/wp\/v2\/comments?post=157608"}],"version-history":[{"count":0,"href":"https:\/\/www.europesays.com\/se\/wp-json\/wp\/v2\/posts\/157608\/revisions"}],"wp:featuredmedia":[{"embeddable":true,"href":"https:\/\/www.europesays.com\/se\/wp-json\/wp\/v2\/media\/157609"}],"wp:attachment":[{"href":"https:\/\/www.europesays.com\/se\/wp-json\/wp\/v2\/media?parent=157608"}],"wp:term":[{"taxonomy":"category","embeddable":true,"href":"https:\/\/www.europesays.com\/se\/wp-json\/wp\/v2\/categories?post=157608"},{"taxonomy":"post_tag","embeddable":true,"href":"https:\/\/www.europesays.com\/se\/wp-json\/wp\/v2\/tags?post=157608"}],"curies":[{"name":"wp","href":"https:\/\/api.w.org\/{rel}","templated":true}]}}