{"id":157610,"date":"2026-02-06T03:02:11","date_gmt":"2026-02-06T03:02:11","guid":{"rendered":"https:\/\/www.europesays.com\/se\/157610\/"},"modified":"2026-02-06T03:02:11","modified_gmt":"2026-02-06T03:02:11","slug":"forsta-frolundasegern-pa-nastan-tre-veckor","status":"publish","type":"post","link":"https:\/\/www.europesays.com\/se\/157610\/","title":{"rendered":"F\u00f6rsta Fr\u00f6lundasegern p\u00e5 n\u00e4stan tre veckor"},"content":{"rendered":"<p>Fr\u00f6lunda br\u00f6t sin tunga f\u00f6rlustsvit i SHL n\u00e4r laget besegrade V\u00e4xj\u00f6 med 3\u20131 p\u00e5 bortais under torsdagskv\u00e4llen. Segern var G\u00f6teborgslagets f\u00f6rsta sedan den 17 januari. <\/p>\n<p>Filip Cederqvist blev stor matchhj\u00e4lte med sina tv\u00e5 m\u00e5l. <\/p>\n<p>Trots att laget hade fyra raka f\u00f6rluster innan kv\u00e4llens drabbning leder man serien med tre po\u00e4ng ner till Skellefte\u00e5. <\/p>\n<p>Omni \u00e4r politiskt obundna och oberoende. Vi str\u00e4var efter att ge fler perspektiv p\u00e5 nyheterna. Har du fr\u00e5gor eller synpunkter kring v\u00e5r rapportering? <a href=\"https:\/\/omni.se\/forsta-frolundasegern-pa-nastan-tre-veckor\/a\/mailto:redaktion@omni.se\" class=\"ArticleActions_contactLink__W2F1M\" rel=\"nofollow noopener\" target=\"_blank\">Kontakta redaktionen<\/a><\/p>\n","protected":false},"excerpt":{"rendered":"Fr\u00f6lunda br\u00f6t sin tunga f\u00f6rlustsvit i SHL n\u00e4r laget besegrade V\u00e4xj\u00f6 med 3\u20131 p\u00e5 bortais under torsdagskv\u00e4llen. Segern&hellip;\n","protected":false},"author":2,"featured_media":157611,"comment_status":"","ping_status":"","sticky":false,"template":"","format":"standard","meta":{"footnotes":""},"categories":[5],"tags":[22,23,26,27,3987,17,21,1472,24,25,28,29,15,16,18,34,31,33,32,30,19,20,3328],"class_list":{"0":"post-157610","1":"post","2":"type-post","3":"status-publish","4":"format-standard","5":"has-post-thumbnail","7":"category-rubriker","8":"tag-breaking-news","9":"tag-breakingnews","10":"tag-featured-news","11":"tag-featurednews","12":"tag-frolunda-hc","13":"tag-headlines","14":"tag-huvudnyheter","15":"tag-ishockey","16":"tag-latest-news","17":"tag-latestnews","18":"tag-main-news","19":"tag-mainnews","20":"tag-news","21":"tag-nyheter","22":"tag-rubriker","23":"tag-se","24":"tag-svenska","25":"tag-sverige","26":"tag-sweden","27":"tag-swedish","28":"tag-top-stories","29":"tag-topstories","30":"tag-vaxjo-lakers-hockey"},"share_on_mastodon":{"url":"https:\/\/pubeurope.com\/@se\/116021463767520984","error":""},"_links":{"self":[{"href":"https:\/\/www.europesays.com\/se\/wp-json\/wp\/v2\/posts\/157610","targetHints":{"allow":["GET"]}}],"collection":[{"href":"https:\/\/www.europesays.com\/se\/wp-json\/wp\/v2\/posts"}],"about":[{"href":"https:\/\/www.europesays.com\/se\/wp-json\/wp\/v2\/types\/post"}],"author":[{"embeddable":true,"href":"https:\/\/www.europesays.com\/se\/wp-json\/wp\/v2\/users\/2"}],"replies":[{"embeddable":true,"href":"https:\/\/www.europesays.com\/se\/wp-json\/wp\/v2\/comments?post=157610"}],"version-history":[{"count":0,"href":"https:\/\/www.europesays.com\/se\/wp-json\/wp\/v2\/posts\/157610\/revisions"}],"wp:featuredmedia":[{"embeddable":true,"href":"https:\/\/www.europesays.com\/se\/wp-json\/wp\/v2\/media\/157611"}],"wp:attachment":[{"href":"https:\/\/www.europesays.com\/se\/wp-json\/wp\/v2\/media?parent=157610"}],"wp:term":[{"taxonomy":"category","embeddable":true,"href":"https:\/\/www.europesays.com\/se\/wp-json\/wp\/v2\/categories?post=157610"},{"taxonomy":"post_tag","embeddable":true,"href":"https:\/\/www.europesays.com\/se\/wp-json\/wp\/v2\/tags?post=157610"}],"curies":[{"name":"wp","href":"https:\/\/api.w.org\/{rel}","templated":true}]}}