{"id":157616,"date":"2026-02-06T03:26:12","date_gmt":"2026-02-06T03:26:12","guid":{"rendered":"https:\/\/www.europesays.com\/se\/157616\/"},"modified":"2026-02-06T03:26:12","modified_gmt":"2026-02-06T03:26:12","slug":"tio-ar-senare-vaxjo-spoket-ar-besegrat-frolunda-hc","status":"publish","type":"post","link":"https:\/\/www.europesays.com\/se\/157616\/","title":{"rendered":"Tio \u00e5r senare \u2013 V\u00e4xj\u00f6-sp\u00f6ket \u00e4r besegrat &#8211; Fr\u00f6lunda HC"},"content":{"rendered":"<ol>\n<li><a href=\"https:\/\/news.google.com\/rss\/articles\/CBMiaEFVX3lxTE9ZdlNSYUZzNXlVVUhWQ211X1FzUkU5R2U3N0YzdEpleWVfRXVzaEVHakw4UmRYaGNjd0NVSE5tVVdydzNxMmxhMVI5LUphSFJCb3M5X0FPa3BfUDhrVDhSbFBRWHc2SlZa?oc=5\" target=\"_blank\" rel=\"nofollow noopener\">Tio \u00e5r senare \u2013 V\u00e4xj\u00f6-sp\u00f6ket \u00e4r besegrat<\/a>&nbsp;&nbsp;Fr\u00f6lunda HC<\/li>\n<li><a href=\"https:\/\/news.google.com\/rss\/articles\/CBMirwFBVV95cUxQZWd2MmI4OHk4MEZqR1UtNWVQbVVHNWg5UjU1SG9Jd3ZIXy1UMzY0TVlSWm42RFFlSG9sdVZfWnRxLXF4VFo1NlhDeXhyZWNQeXc2NzlGY0NJSndqcmJYTEVCXy1QRHNWSFExaWo3X0RLRWZobm1RWkRoTFAzVUF2TGlKaERXSGtybTRvUndpc3UxR245MWRnSURUQ002VVp1bGZtSTI5ckRYeWpCckZV?oc=5\" target=\"_blank\" rel=\"nofollow noopener\">Dundrar in i sargen: \u201dBlir borta ett tag\u201d<\/a>&nbsp;&nbsp;Aftonbladet<\/li>\n<li><a href=\"https:\/\/news.google.com\/rss\/articles\/CBMiiwFBVV95cUxPNnFVcmoza2xQbkxuclNOTU9VTzgxSDlYLXNDeWdYWmZxcWkxWjN2RnYzMEF4Mzk1SW5VOW9JYjZyT1NHS1VLZWM0VE5mSjhIQlRDTHhWMGxCRGNvbnEtTWNkWFdsaUNkaTJhbEZkMzFmMVJ5b1pPN29VS2Vjb3NZa0F0VGJnbHQzaGJN?oc=5\" target=\"_blank\" rel=\"nofollow noopener\">Bryter sviten \u2013 f\u00f6rsta segern p\u00e5 n\u00e4stan tre veckor<\/a>&nbsp;&nbsp;V\u00e4sterbottens-Kuriren<\/li>\n<li><a href=\"https:\/\/news.google.com\/rss\/articles\/CBMidkFVX3lxTFBYb1A0YTRDa2tBejN2NTRpd2pmSUlvNnhVNmVXbk1Wd2VVRjhBa1puaUI5YUZEVTRoYXdEbFlkcEFLX1BxTjliQU00LXpzdXZtejJvVW43dFZ5ZlRvVnpYOGU1VWRLaDRvdGxfRXkweEdod0hUUlE?oc=5\" target=\"_blank\" rel=\"nofollow noopener\">F\u00f6rsta Fr\u00f6lundasegern p\u00e5 n\u00e4stan tre veckor<\/a>&nbsp;&nbsp;Omni<\/li>\n<li><a href=\"https:\/\/news.google.com\/rss\/articles\/CBMijgFBVV95cUxNNWtocGpqSnhkTm03d092Y29jd3RWLWxsMVhIQUhpV19PWUVKdDBXQ3lxMTRCV0RaVjU2LXowMGdfc2tCREZOeEdrMWVqYzBPVkZ2ZDhJbVlsYmtPal9YVVBoTDFHU1k2ZFAwbmtrRlVGWTBkNmtiTzNvLXFfeXczWUNnZXBTSU9hR3FYNVFn?oc=5\" target=\"_blank\" rel=\"nofollow noopener\">KR\u00d6NIKA: Lakers saknade f\u00f6rm\u00e5gan \u2013 d\u00e5 sprack fina sviten<\/a>&nbsp;&nbsp;Sm\u00e5landsposten<\/li>\n<\/ol>\n","protected":false},"excerpt":{"rendered":"Tio \u00e5r senare \u2013 V\u00e4xj\u00f6-sp\u00f6ket \u00e4r besegrat&nbsp;&nbsp;Fr\u00f6lunda HC Dundrar in i sargen: \u201dBlir borta ett tag\u201d&nbsp;&nbsp;Aftonbladet Bryter sviten&hellip;\n","protected":false},"author":2,"featured_media":157617,"comment_status":"","ping_status":"","sticky":false,"template":"","format":"standard","meta":{"footnotes":""},"categories":[5],"tags":[22,23,26,27,17,21,24,25,28,29,15,16,18,34,31,33,32,30,19,20],"class_list":{"0":"post-157616","1":"post","2":"type-post","3":"status-publish","4":"format-standard","5":"has-post-thumbnail","7":"category-rubriker","8":"tag-breaking-news","9":"tag-breakingnews","10":"tag-featured-news","11":"tag-featurednews","12":"tag-headlines","13":"tag-huvudnyheter","14":"tag-latest-news","15":"tag-latestnews","16":"tag-main-news","17":"tag-mainnews","18":"tag-news","19":"tag-nyheter","20":"tag-rubriker","21":"tag-se","22":"tag-svenska","23":"tag-sverige","24":"tag-sweden","25":"tag-swedish","26":"tag-top-stories","27":"tag-topstories"},"share_on_mastodon":{"url":"https:\/\/pubeurope.com\/@se\/116021558143202203","error":""},"_links":{"self":[{"href":"https:\/\/www.europesays.com\/se\/wp-json\/wp\/v2\/posts\/157616","targetHints":{"allow":["GET"]}}],"collection":[{"href":"https:\/\/www.europesays.com\/se\/wp-json\/wp\/v2\/posts"}],"about":[{"href":"https:\/\/www.europesays.com\/se\/wp-json\/wp\/v2\/types\/post"}],"author":[{"embeddable":true,"href":"https:\/\/www.europesays.com\/se\/wp-json\/wp\/v2\/users\/2"}],"replies":[{"embeddable":true,"href":"https:\/\/www.europesays.com\/se\/wp-json\/wp\/v2\/comments?post=157616"}],"version-history":[{"count":0,"href":"https:\/\/www.europesays.com\/se\/wp-json\/wp\/v2\/posts\/157616\/revisions"}],"wp:featuredmedia":[{"embeddable":true,"href":"https:\/\/www.europesays.com\/se\/wp-json\/wp\/v2\/media\/157617"}],"wp:attachment":[{"href":"https:\/\/www.europesays.com\/se\/wp-json\/wp\/v2\/media?parent=157616"}],"wp:term":[{"taxonomy":"category","embeddable":true,"href":"https:\/\/www.europesays.com\/se\/wp-json\/wp\/v2\/categories?post=157616"},{"taxonomy":"post_tag","embeddable":true,"href":"https:\/\/www.europesays.com\/se\/wp-json\/wp\/v2\/tags?post=157616"}],"curies":[{"name":"wp","href":"https:\/\/api.w.org\/{rel}","templated":true}]}}