{"id":157620,"date":"2026-02-06T03:34:46","date_gmt":"2026-02-06T03:34:46","guid":{"rendered":"https:\/\/www.europesays.com\/se\/157620\/"},"modified":"2026-02-06T03:34:46","modified_gmt":"2026-02-06T03:34:46","slug":"ledare-risken-var-overhangande-att-sossarna-skulle-visa-sig-vara-just-sa-dumma-i-huvudet","status":"publish","type":"post","link":"https:\/\/www.europesays.com\/se\/157620\/","title":{"rendered":"Ledare: Risken var \u00f6verh\u00e4ngande att sossarna skulle visa sig vara just s\u00e5 dumma i huvudet"},"content":{"rendered":"<p class=\"mb-4 mx-auto max-w-xl\"><strong>Det \u00e4r faktiskt v\u00e4ldigt jobbigt att leva i ett Sverige d\u00e4r h\u00f6gertankesmedjan Timbros Fredrik Kopsch (stundtals i alla fall) framst\u00e5r som mer m\u00e4nsklig \u00e4n Socialdemokraterna.<\/strong><\/p>\n<p class=\"break-words mb-4 mx-auto max-w-xl\">\u201dAtt utvisa m\u00e4nniskor som anstr\u00e4ngt sig f\u00f6r att komma in i det svenska samh\u00e4llet, som k\u00e4mpat f\u00f6r att l\u00e4ra sig spr\u00e5ket och som st\u00e5r f\u00f6r sin egen f\u00f6rs\u00f6rjning, \u00e4r inte bara ekonomiskt vansinne. Det \u00e4r ocks\u00e5 omoraliskt och om\u00e4nskligt.\u201d<\/p>\n<p class=\"break-words mb-4 mx-auto max-w-xl\">Orden kommer fr\u00e5n h\u00f6gertankesmedjan Timbros chefekonom Fredrik Kopsch <a href=\"https:\/\/www.expressen.se\/debatt\/debatt-omanskligt-att-utvisa-dem-som-gjort-allt-ratt\/\" target=\"_blank\" rel=\"nofollow noopener\">i ett debattinl\u00e4gg i Expressen<\/a> d\u00e4r Kopsch hyllar den spanska statens beslut att ge amnesti och uppeh\u00e5llstillst\u00e5nd \u00e5t en halv miljon pappersl\u00f6sa migranter. Ett beslut han hoppas att Sverige ska inspireras av.<\/p>\n<p class=\"break-words mb-4 mx-auto max-w-xl\">\u201dSverige beh\u00f6ver en integrationsamnesti f\u00f6r m\u00e4nniskor som gjort allt r\u00e4tt, men som drabbats av migrationspolitikens omsv\u00e4ngningar. Det skulle gynna b\u00e5de de som f\u00e5r stanna och hela det svenska samh\u00e4llet\u201d, menar Kopsch \u2013 f\u00f6rf\u00e4rad \u00f6ver hur ogenomt\u00e4nkt de senaste \u00e5rens oml\u00e4ggning av migrationspolitiken \u00e4r.<\/p>\n<p class=\"break-words mb-4 mx-auto max-w-xl\">F\u00f6rst\u00e5r ni hur konstigt och jobbigt det k\u00e4nns att inse att man sympatiserar mer med en chef p\u00e5 en h\u00f6gertankesmedja \u00e4n med sossarna n\u00e4r det handlar om svensk migrationspolitik?<\/p>\n<p class=\"break-words mb-4 mx-auto max-w-xl\">Nu \u00e4r ledarsidan inte naiv. S\u00e5 klart bottnar Kopschs &#8211; och den \u00f6vriga svenska n\u00e4ringslivsh\u00f6gerns som mots\u00e4tter sig den r\u00e5dande migrationspolitiken &#8211; inv\u00e4ndningar i ekonomi mer \u00e4n att de \u00f6mmar f\u00f6r invandrare. Men det r\u00e4cker. <\/p>\n<p class=\"break-words mb-4 mx-auto max-w-xl\">(Uppdatering 12.15: Jag borde sluta gissa om andras bevekelsegrunder, h\u00e4lsar Fredrik Kopsch mig i ett trevligt mejl. Det \u00e4r inte alls \u201ds\u00e5 klart\u201d ekonomi som f\u00e5r honom att kritisera den tuffa svenska migrationspolitiken.<\/p>\n<p class=\"break-words mb-4 mx-auto max-w-xl\">\u201dF\u00f6r mig \u00e4r fri r\u00f6rlighet i f\u00f6rsta hand en moralisk fr\u00e5ga. Jag tycker inte att stater ska ha r\u00e4tt att fatta s\u00e5 stora beslut \u00f6ver andra m\u00e4nniskors liv, som exempelvis var de ska f\u00e5 bo. Det r\u00e5kar i det h\u00e4r fallet sammanfalla med att det ocks\u00e5 \u00e4r ekonomiskt gynnsamt, men jag hade varit f\u00f6r det \u00e4ven om det leder till en minskning av BNP.\u201d<\/p>\n<p class=\"break-words mb-4 mx-auto max-w-xl\">Jag tror honom \u2013 och ber uppriktigt om urs\u00e4kt f\u00f6r att ha dragit f\u00f6rdomsfulla slutsatser om bevekelsegrunder.)<\/p>\n<p class=\"break-words mb-4 mx-auto max-w-xl\">De ser samma ekonomiska f\u00f6rlust som ledarsidan skrev om i g\u00e5r, d\u00e4r unga utbildas p\u00e5 samh\u00e4llets bekostnad och sedan inte f\u00e5r en chans att kompensera oss f\u00f6r investeringen vi gjort i dem. D\u00e4r folk som levt i Sverige i m\u00e5nga \u00e5r, l\u00e4rt sig svenska och skaffat b\u00e5de jobb och familj nu pl\u00f6tsligt ska utvisas.<\/p>\n<p class=\"break-words mb-4 mx-auto max-w-xl\">Det finns inte en chans att det \u00e4r vad vanliga svenskar vill. Det \u00e4r tveksamt om ens SD:s v\u00e4ljare tycker att det k\u00e4nns smart att utvisa sj\u00e4lvf\u00f6rs\u00f6rjande och v\u00e4lintegrerade fr\u00e5n landet. Socialdemokraternas v\u00e4ljare g\u00f6r det definitivt inte.<\/p>\n<p class=\"break-words mb-4 mx-auto max-w-xl\">Och det var v\u00e4l det som Milj\u00f6partiet och V\u00e4nsterpartiet ville pressa Socialdemokraterna med n\u00e4r de nu l\u00e4gger fram ett utskottsinitiativ som Centerpartiet redan sagt att de kommer att st\u00f6dja, om att unga vuxna som vuxit upp med sina f\u00f6r\u00e4ldrar i Sverige inte ska hotas av utvisning n\u00e4r de fyller 18.<\/p>\n<p class=\"break-words mb-4 mx-auto max-w-xl\">Det handlar allts\u00e5 om just s\u00e5dana fall som <a href=\"https:\/\/www.vf.se\/2026\/02\/03\/tawan-dusadee-i-storfors-och-kristinehamn-utvisas-till-thailand-d1ca8\/\" target=\"_blank\" rel=\"nofollow noopener\">VF skrev om i g\u00e5r <\/a>p\u00e5 b\u00e5de nyhetsplats och p\u00e5 ledarsidan: 20-\u00e5riga Tawan Dusadee som tvingas l\u00e4mna Sverige inom bara n\u00e5gra veckor. Trots att all familj han har finns h\u00e4r. Trots att han har jobb, en inkomst och framtidsdr\u00f6mmar h\u00e4r.<\/p>\n<p class=\"break-words mb-4 mx-auto max-w-xl\">Tawan \u00e4r en av m\u00e5nga unga vuxna som v\u00e4xt upp h\u00e4r och hamnat i kl\u00e4m efter att riksdagen 2023 \u2013 Tid\u00f6partierna och Socialdemokraterna \u2013 avskaffade den ventil i systemet som tidigare gav gruppen uppeh\u00e5llstillst\u00e5nd efter att de fyllt 18 \u00e5r \u201dav s\u00e4rskilt \u00f6mmande omst\u00e4ndigheter\u201d.<\/p>\n<p class=\"break-words mb-4 mx-auto max-w-xl\">Och det \u00e4r en ordning som MP, V och C vill att Sverige ska \u00e5terg\u00e5 till.<\/p>\n<p class=\"break-words mb-4 mx-auto max-w-xl\">\u2013 Det \u00e4r helt orimligt att f\u00f6rsvara den h\u00e4r familjesplittringen som p\u00e5g\u00e5r just nu. Jag tror inte att det finns st\u00f6d f\u00f6r det h\u00e4r, <a href=\"https:\/\/www.svt.se\/nyheter\/inrikes\/c-toppens-ord-om-s-da-ar-de-dumma-i-huvudet\" target=\"_blank\" rel=\"nofollow noopener\">s\u00e4ger Annika Hirvonen (MP) till SVT<\/a>.<\/p>\n<p class=\"break-words mb-4 mx-auto max-w-xl\">Det har hon s\u00e4kert r\u00e4tt i. Det finns inget st\u00f6d bland v\u00e4ljarna f\u00f6r utvisningar av unga vuxna som vuxit upp h\u00e4r. Det finns inget st\u00f6d bland partierna ute i landet f\u00f6r den politiken. Riktigt s\u00e5 ser det dock inte ut bland partierna i riksdagen.<\/p>\n<p class=\"break-words mb-4 mx-auto max-w-xl\"><a href=\"https:\/\/www.svt.se\/nyheter\/inrikes\/c-toppens-ord-om-s-da-ar-de-dumma-i-huvudet\" target=\"_blank\" rel=\"nofollow noopener\">Centerns migrationspolitiska talesperson Niels Paarup Petersen<\/a> sa p\u00e5 onsdagen till SVT att han \u201df\u00f6rv\u00e4ntar sig\u201d att Socialdemokraterna st\u00e4ller sig bakom utskottsf\u00f6rslaget.<\/p>\n<p><img alt=\"\u201dDumma i huvudet.\u201d Centerpartisten Niels Paarup-Petersen dom \u00f6ver Socialdemokraterna \u00e4r h\u00e5rd.\" src=\"data:image\/gif;base64,R0lGODlhAQABAIAAAAAAAP\/\/\/yH5BAEAAAAALAAAAAABAAEAAAIBRAA7\" decoding=\"async\" data-nimg=\"responsive\" class=\"\" style=\"position:absolute;top:0;left:0;bottom:0;right:0;box-sizing:border-box;padding:0;border:none;margin:auto;display:block;width:0;height:0;min-width:100%;max-width:100%;min-height:100%;max-height:100%\"\/><\/p>\n<p>\u201dDumma i huvudet.\u201d Centerpartisten Niels Paarup-Petersen dom \u00f6ver Socialdemokraterna \u00e4r h\u00e5rd. Foto: Johan Nilsson\/TT<\/p>\n<p class=\"break-words mb-4 mx-auto max-w-xl\">\u2013 S\u00e5klart ska vi ha en kontrollerad migrationspolitik, men vi ska ocks\u00e5 ha en klok migrationspolitik och det har vi inte just nu. Den \u00e4r j\u00e4ttekorkad.<\/p>\n<p class=\"break-words mb-4 mx-auto max-w-xl\">H\u00e5ller inte sossarna med, \u00e4r Paarup Petersens dom h\u00e5rd:<\/p>\n<p class=\"break-words mb-4 mx-auto max-w-xl\">\u2013 D\u00e5 \u00e4r de dumma i huvudet.<\/p>\n<p class=\"break-words mb-4 mx-auto max-w-xl\">N\u00e5gra timmar senare kom beskedet fr\u00e5n Socialdemokraterna om utskottsinitiativet: De passar. De har inget intresse av att samarbeta med de r\u00f6dgr\u00f6na partierna om detta, meddelar de<\/p>\n<p class=\"break-words mb-4 mx-auto max-w-xl\"><a href=\"https:\/\/www.svt.se\/nyheter\/inrikes\/s-sager-nej-till-forslag-om-tonarsutvisningar\" target=\"_blank\" rel=\"nofollow noopener\">I en skriftlig kommentar till SVT skriver partiets <\/a>migrationspolitiska talesperson Ida Karkiainen  att \u201dSverige har en integrationsskuld som m\u00e5ste betas av och d\u00e5 \u00e4r den strama migrationspolitiken en f\u00f6ruts\u00e4ttning f\u00f6r att integrationen ska fungera\u201d.<\/p>\n<p class=\"break-words mb-4 mx-auto max-w-xl\">Uttalandet bottnar inte ens i n\u00e5gon logisk tanke. De unga vuxna det handlar om \u00e4r redan integrerade och att utvisa redan integrerade utl\u00e4nningar efter m\u00e5nga \u00e5r i Sverige leder inte till b\u00e4ttre integration utan s\u00e4mre. <\/p>\n<p class=\"break-words mb-4 mx-auto max-w-xl\">Socialdemokrater \u00f6ver hela landet f\u00f6rst\u00e5r detta. S\u00e5 varf\u00f6r g\u00f6r partiledningen inte det? \u00c4r de &#8230; dumma i huvudet?<\/p>\n<p><a class=\"in-article-link mb-4 mx-auto max-w-xl text-gray-900 hover:text-gray-900\/70 dark:text-gray-50 dark:hover:text-gray-50\/70\" href=\"https:\/\/www.vf.se\/2026\/02\/04\/marga-sandstrom-i-protest-mot-utvisningar-66e9e\/\" rel=\"nofollow noopener\" target=\"_blank\">Efter utvisningarna \u2013 h\u00e4r har man f\u00e5tt nog: \u201dG\u00f6r om och g\u00f6r r\u00e4tt\u201d<\/a><a class=\"in-article-link mb-4 mx-auto max-w-xl text-gray-900 hover:text-gray-900\/70 dark:text-gray-50 dark:hover:text-gray-50\/70\" href=\"https:\/\/www.vf.se\/2026\/02\/03\/tawan-dusadee-i-storfors-och-kristinehamn-utvisas-till-thailand-d1ca8\/\" rel=\"nofollow noopener\" target=\"_blank\">Tawan har fyllt 18 \u00e5r \u2013 nu utvisas han: \u201dHan blir f\u00f6rbannat ensam\u201d<\/a><\/p>\n","protected":false},"excerpt":{"rendered":"Det \u00e4r faktiskt v\u00e4ldigt jobbigt att leva i ett Sverige d\u00e4r h\u00f6gertankesmedjan Timbros Fredrik Kopsch (stundtals i alla&hellip;\n","protected":false},"author":2,"featured_media":157621,"comment_status":"","ping_status":"","sticky":false,"template":"","format":"standard","meta":{"footnotes":""},"categories":[5],"tags":[22,23,26,27,17,21,24,25,28,29,15,16,18,34,31,33,32,30,19,20],"class_list":{"0":"post-157620","1":"post","2":"type-post","3":"status-publish","4":"format-standard","5":"has-post-thumbnail","7":"category-rubriker","8":"tag-breaking-news","9":"tag-breakingnews","10":"tag-featured-news","11":"tag-featurednews","12":"tag-headlines","13":"tag-huvudnyheter","14":"tag-latest-news","15":"tag-latestnews","16":"tag-main-news","17":"tag-mainnews","18":"tag-news","19":"tag-nyheter","20":"tag-rubriker","21":"tag-se","22":"tag-svenska","23":"tag-sverige","24":"tag-sweden","25":"tag-swedish","26":"tag-top-stories","27":"tag-topstories"},"share_on_mastodon":{"url":"https:\/\/pubeurope.com\/@se\/116021589644727981","error":""},"_links":{"self":[{"href":"https:\/\/www.europesays.com\/se\/wp-json\/wp\/v2\/posts\/157620","targetHints":{"allow":["GET"]}}],"collection":[{"href":"https:\/\/www.europesays.com\/se\/wp-json\/wp\/v2\/posts"}],"about":[{"href":"https:\/\/www.europesays.com\/se\/wp-json\/wp\/v2\/types\/post"}],"author":[{"embeddable":true,"href":"https:\/\/www.europesays.com\/se\/wp-json\/wp\/v2\/users\/2"}],"replies":[{"embeddable":true,"href":"https:\/\/www.europesays.com\/se\/wp-json\/wp\/v2\/comments?post=157620"}],"version-history":[{"count":0,"href":"https:\/\/www.europesays.com\/se\/wp-json\/wp\/v2\/posts\/157620\/revisions"}],"wp:featuredmedia":[{"embeddable":true,"href":"https:\/\/www.europesays.com\/se\/wp-json\/wp\/v2\/media\/157621"}],"wp:attachment":[{"href":"https:\/\/www.europesays.com\/se\/wp-json\/wp\/v2\/media?parent=157620"}],"wp:term":[{"taxonomy":"category","embeddable":true,"href":"https:\/\/www.europesays.com\/se\/wp-json\/wp\/v2\/categories?post=157620"},{"taxonomy":"post_tag","embeddable":true,"href":"https:\/\/www.europesays.com\/se\/wp-json\/wp\/v2\/tags?post=157620"}],"curies":[{"name":"wp","href":"https:\/\/api.w.org\/{rel}","templated":true}]}}