{"id":157624,"date":"2026-02-06T03:42:30","date_gmt":"2026-02-06T03:42:30","guid":{"rendered":"https:\/\/www.europesays.com\/se\/157624\/"},"modified":"2026-02-06T03:42:30","modified_gmt":"2026-02-06T03:42:30","slug":"socialdemokraterna-och-uppehallstillstanden","status":"publish","type":"post","link":"https:\/\/www.europesays.com\/se\/157624\/","title":{"rendered":"Socialdemokraterna och uppeh\u00e5llstillst\u00e5nden"},"content":{"rendered":"<p>Ton\u00e5rsutvisningarna \u00e4r bara cynisk taktikshare-arrowDela<\/p>\n<p>unsaveSpara<\/p>\n<p>expand-left<\/p>\n<p>helsk\u00e4rm<img decoding=\"async\" class=\"image-asset hyperion-css-1ob46cm\" data-test-tag=\"image-asset\" src=\"https:\/\/www.europesays.com\/se\/wp-content\/uploads\/2026\/02\/f6501eb0-8833-40e5-bc4c-346c8177996d.jpeg\"  alt=\"\u201dMagdalena Andersson h\u00e4nvisar i\u00a0st\u00e4llet till regeringens f\u00f6rslag om en \u2019ventil\u2019 \u2013 ett f\u00f6rslag som ingen vet vad det inneb\u00e4r och som inte existerar \u00e4n.\u201d\"  loading=\"eager\" fetchpriority=\"high\" style=\"aspect-ratio:1900 \/ 1267\"\/>\u201dMagdalena Andersson h\u00e4nvisar i\u00a0st\u00e4llet till regeringens f\u00f6rslag om en \u2019ventil\u2019 \u2013 ett f\u00f6rslag som ingen vet vad det inneb\u00e4r och som inte existerar \u00e4n.\u201d Foto: Fredrik Sandberg\/TT<\/p>\n<p class=\"hyperion-css-1v9qo5x\"><strong>Jag har varit aktiv<\/strong> i <a data-test-tag=\"internal-link\" href=\"https:\/\/www.aftonbladet.se\/tagg\/socialdemokraterna\" class=\"hyperion-css-15jkft9\" rel=\"nofollow noopener\" target=\"\" aria-label=\"Socialdemokraterna\" theme=\"opinion\">Socialdemokraterna<\/a> hela ton\u00e5ren men s\u00e4llan varit s\u00e5 f\u00f6rbannad som nu.<\/p>\n<p class=\"hyperion-css-1v9qo5x\"><strong>Jomana, 18, har<\/strong> bott i Sverige sedan hon var fyra och skulle ta studenten i sommar. Nu ska hon <a aria-label=\"utvisas ensam\" class=\"opinion hyperion-css-15jkft9\" href=\"https:\/\/www.mitti.se\/nyheter\/jomana-18-skulle-ta-studenten-i-var--nu-utvisas-hon-6.3.341203.b4b7a527e8\" rel=\"noopener nofollow noreferrer\" data-test-tag=\"external-link\" target=\"_blank\">utvisas ensam<\/a> till Egypten.<\/p>\n<p class=\"hyperion-css-1v9qo5x\"><strong>Ayla<\/strong>, 21, jobbar p\u00e5 LSS-boende, pluggar och har svensk pojkv\u00e4n.<a data-test-tag=\"internal-link\" href=\"https:\/\/www.aftonbladet.se\/nyheter\/a\/d4dVzA\/tonaringar-utvisas-ensamma-pa-grund-av-hardare-regler\" class=\"hyperion-css-15jkft9\" rel=\"nofollow noopener\" target=\"\" aria-label=\" Hon utvisas ensam till Iran.\" theme=\"opinion\"> Hon utvisas ensam till Iran.<\/a><\/p>\n<p class=\"hyperion-css-1v9qo5x\"><strong>Jessica Byusas<\/strong>, 20, \u00e4r undersk\u00f6terska i J\u00f6nk\u00f6ping.<a aria-label=\" Hon utvisas till Rwanda.\" class=\"opinion hyperion-css-15jkft9\" href=\"https:\/\/www.svt.se\/nyheter\/lokalt\/jonkoping\/jessica-20-utvisas-ensam-till-rwanda-resten-av-familjen-far-stanna-i-sverige\" rel=\"noopener nofollow noreferrer\" data-test-tag=\"external-link\" target=\"_blank\"> Hon utvisas till Rwanda.<\/a><\/p>\n<p class=\"hyperion-css-1v9qo5x\">Alla tre har f\u00f6r\u00e4ldrar med permanenta uppeh\u00e5llstillst\u00e5nd, vilka allts\u00e5 f\u00e5r stanna. S\u00e5 h\u00e4r ser verkligheten ut, just nu, i v\u00e5rt f\u00f6rment anst\u00e4ndiga Sverige som samtidigt f\u00f6rfasar sig \u00f6ver ICE:s uppsplittrande av familjer i USA.<\/p>\n<blockquote data-test-tag=\"blockquote\" class=\"blockquote-content_747c\"><p>pullquote\u00c4nd\u00e5 \u00e4r det politiken man faktiskt har varit med om att genomf\u00f6ra, samtidigt som man pl\u00e4derar f\u00f6r j\u00e4mlikhet, frihet och solidaritet. Det \u00e4r l\u00e4skigt. V\u00e4ldigt l\u00e4skigt.<\/p><\/blockquote>\n<p class=\"hyperion-css-1v9qo5x\">F\u00f6r att f\u00e5 stopp p\u00e5 d\u00e5rskapen lade i onsdags C, V och MP fram<a aria-label=\" ett f\u00f6rslag \" class=\"opinion hyperion-css-15jkft9\" href=\"https:\/\/www.svt.se\/nyheter\/inrikes\/c-toppens-ord-om-s-da-ar-de-dumma-i-huvudet\" rel=\"noopener nofollow noreferrer\" data-test-tag=\"external-link\" target=\"_blank\"> ett f\u00f6rslag <\/a>om att unga upp till 21 \u00e5r ska f\u00e5 beviljas uppeh\u00e5llstillst\u00e5nd som anh\u00f6riga till sina f\u00f6r\u00e4ldrar samt att Migrationsverket \u00e5terigen ska f\u00e5 ta h\u00e4nsyn till \u201ds\u00e4rskilt \u00f6mmande omst\u00e4ndigheter\u201d.<\/p>\n<p class=\"hyperion-css-1v9qo5x\">\u201dSt\u00e4ller sig inte S bakom detta \u00e4r de dumma i huvudet\u201d, sade C:s migrationspolitiska talesperson <strong>Niels Paarup-Petersen<\/strong>.<\/p>\n<p class=\"hyperion-css-1v9qo5x\">Han har s\u00e5 klart r\u00e4tt i detta. Det \u00e4r korkat att utvisa integrerade ton\u00e5ringar (p\u00e5 samma s\u00e4tt, f\u00f6rresten, som det \u00e4r korkat att<a aria-label=\" utvisa 25 procent av de anst\u00e4llda i \u00e4ldreomsorgen \" class=\"opinion hyperion-css-15jkft9\" href=\"https:\/\/www.svt.se\/nyheter\/lokalt\/norrbotten\/krismoten-i-harads-aldreomsorg-nar-erfaren-personal-utvisas\" rel=\"noopener nofollow noreferrer\" data-test-tag=\"external-link\" target=\"_blank\"> utvisa 25 procent av de anst\u00e4llda i \u00e4ldreomsorgen <\/a>i vissa kommuner).<\/p>\n<p class=\"hyperion-css-1v9qo5x\">\u00a0<\/p>\n<p class=\"hyperion-css-1v9qo5x\"><strong>\u00c4nd\u00e5 sade S<\/strong> nej till initiativet. <a data-test-tag=\"internal-link\" href=\"https:\/\/www.aftonbladet.se\/tagg\/magdalena-andersson\" class=\"hyperion-css-15jkft9\" rel=\"nofollow noopener\" target=\"\" theme=\"opinion\"><strong>Magdalena Andersson<\/strong><\/a> <a aria-label=\"h\u00e4nvisar i\u00a0st\u00e4llet \" class=\"opinion hyperion-css-15jkft9\" href=\"https:\/\/www.svd.se\/a\/V61Vvp\/s-vill-ha-stram-migration-men-sager-nej-till-tonarsutvisningar\" rel=\"noopener noreferrer nofollow\" data-test-tag=\"external-link\" target=\"_blank\">h\u00e4nvisar i\u00a0st\u00e4llet <\/a>till regeringens f\u00f6rslag om en \u201dventil\u201d \u2013 ett f\u00f6rslag som ingen vet vad det inneb\u00e4r och som inte existerar \u00e4n. Till skillnad fr\u00e5n C, V och MP:s f\u00f6rslag, som skulle g\u00e5 snabbt att genomf\u00f6ra hj\u00e4lper det inte heller de ungdomar som utvisas nu ett skvatt.<\/p>\n<p class=\"hyperion-css-1v9qo5x\">F\u00f6r att f\u00f6rsvara beslutet<a aria-label=\" hasplar \" class=\"opinion hyperion-css-15jkft9\" href=\"https:\/\/www.etc.se\/inrikes\/s-saeger-nej-vill-inte-stoppa-tonaarsutvisningarna\" rel=\"noopener nofollow noreferrer\" data-test-tag=\"external-link\" target=\"_blank\"> hasplar <\/a>den migrationspolitiska talespersonen <strong>Ida Karkiainen<\/strong> (S) rutinm\u00e4ssigt ur sig att \u201dordning och reda ska g\u00e4lla\u201d (och s\u00e5 vidare). <strong>Lawen Redar<\/strong> (S), integrationspolitisk talesperson, kompletterar i ett<a aria-label=\" m\u00e4rkligt sn\u00f6mos \" class=\"opinion hyperion-css-15jkft9\" href=\"https:\/\/www.facebook.com\/share\/p\/186kf35EE2\/?mibextid=wwXIfr\" rel=\"noopener nofollow noreferrer\" data-test-tag=\"external-link\" target=\"_blank\"> m\u00e4rkligt sn\u00f6mos <\/a>till krishantering att \u201ddet finns delar av f\u00f6rslaget som vi inte st\u00f6der\u201d.<\/p>\n<p class=\"hyperion-css-1v9qo5x\">Vilka delar menar du d\u00e5, Lawen? Att ton\u00e5ringar ska f\u00e5 bo i samma land som sina f\u00f6r\u00e4ldrar eller att Migrationsverket ska till\u00e5tas att anv\u00e4nda sunt f\u00f6rnuft?<\/p>\n<p class=\"hyperion-css-1v9qo5x\">\u00a0<\/p>\n<p class=\"hyperion-css-1v9qo5x\"><strong>Den h\u00e4r ilskan<\/strong> delar jag med m\u00e5nga socialdemokrater, samtidigt som man inte blir f\u00f6rv\u00e5nad. Socialdemokraterna har ju faktiskt varit med och genomdrivit den h\u00e4r politiken \u2013 och att f\u00f6rv\u00e4nta sig att Sveriges st\u00f6rsta parti ska \u00e4ndra sig utifr\u00e5n politikens konsekvenser i verkligheten \u00e4r att f\u00f6rv\u00e4nta sig f\u00f6r mycket. Strategi- och kommunikationsplanerna \u00e4r ju redan fastlagda, och de s\u00e4ger att man inte ska l\u00e4mna utrymme f\u00f6r konflikt med h\u00f6gern om migrationspolitiken. Verklighetens f\u00f6rs\u00f6k, Ayla, Jomanas och Jessicas f\u00f6rs\u00f6k, att l\u00e4gga sig i detta \u00e4r inget annat \u00e4n ohyfsat.<\/p>\n<blockquote data-test-tag=\"blockquote\" class=\"blockquote-content_747c\"><p>pullquoteF\u00f6r att Magdalena Andersson ska bli statsminister kr\u00e4vs att invandringskritiska v\u00e4ljare byter block.<\/p><\/blockquote>\n<p class=\"hyperion-css-1v9qo5x\">Kanske \u00e4r Socialdemokraterna bara \u201ddumma i huvudet\u201d. Men jag \u00e4r r\u00e4dd f\u00f6r att den h\u00e4r fr\u00e5gan visar p\u00e5 n\u00e5got l\u00e5ngt v\u00e4rre \u2013 en cynisk partikultur som till\u00e5tits g\u00e5 f\u00f6r l\u00e5ngt.<\/p>\n<p class=\"hyperion-css-1v9qo5x\">Jag tror n\u00e4mligen inte att det g\u00e5r att hitta en enda socialdemokrat som med ett \u00f6vertygat hj\u00e4rta och argument grundade i verkligheten kan f\u00f6rsvara utvisandet av integrerade ton\u00e5ringar, eller f\u00f6r den delen v\u00e5rdarbetande vuxna. \u00c4nd\u00e5 \u00e4r det politiken man faktiskt har varit med om att genomf\u00f6ra, samtidigt som man pl\u00e4derar f\u00f6r j\u00e4mlikhet, frihet och solidaritet. Det \u00e4r l\u00e4skigt. V\u00e4ldigt l\u00e4skigt.<\/p>\n<p class=\"hyperion-css-1v9qo5x\">Det \u00e4r ocks\u00e5 n\u00e5got f\u00f6rh\u00e5llandevis nytt. S\u00e4ga vad man vill om <strong>G\u00f6ran Perssons<\/strong> nedsk\u00e4rningar i v\u00e4lf\u00e4rden, men allt tyder p\u00e5 att \u00e5tminstone han sj\u00e4lv var \u00f6vertygad om att den politiken var det b\u00e4sta f\u00f6r Sverige.<\/p>\n<p class=\"hyperion-css-1v9qo5x\">\u00a0<\/p>\n<p class=\"hyperion-css-1v9qo5x\"><strong>P\u00e5 den tiden<\/strong> var det n\u00e4mligen fortfarande s\u00e5 att strategin och kommunikationen stod i tj\u00e4nst \u00e5t sakpolitiken. I\u00a0dag blir det mer och mer tv\u00e4rtom. Logiken i fr\u00e5ga om beslutet om utvisningarna \u00e4r ju, sedd inifr\u00e5n, ofelbar. F\u00f6r att Magdalena Andersson ska bli statsminister kr\u00e4vs att invandringskritiska v\u00e4ljare byter block. Att S under hela val\u00e5ret ska knacka d\u00f6rr hos utrikesf\u00f6dda i vad som internt kallas \u201dmobiliseringsomr\u00e5den\u201d, d\u00e4r man vet att st\u00f6det \u00e4r starkt men f\u00e5 g\u00e5r och r\u00f6star, \u00e4r heller inget hinder. <\/p>\n<blockquote data-test-tag=\"blockquote\" class=\"blockquote-content_747c\"><p>pullquoteI befolkningen finns ett brett st\u00f6d f\u00f6r en restriktiv migrationspolitik sett till hur m\u00e5nga vi tar emot, men fan heller att det finns st\u00f6d f\u00f6r detta.<\/p><\/blockquote>\n<p class=\"hyperion-css-1v9qo5x\">Cyniskt r\u00e4knar man med att de h\u00e4r v\u00e4ljarna inte ska k\u00e4nna till politiken man genomdriver, och det \u00e4r knappast n\u00e5got man trycker upp p\u00e5 det somaliska eller arabiska kampanjmaterialet. I v\u00e4rsta fall, t\u00e4nker man, r\u00f6star de p\u00e5 V\u00e4nsterpartiet.<\/p>\n<p class=\"hyperion-css-1v9qo5x\">Det som tidigare har varit en bred och \u00f6ppen folkr\u00f6relse med sj\u00e4lvf\u00f6rtroende har mer och mer blivit ett inst\u00e4ngt, sm\u00e5tt schizofrent strategimaskineri som verkar mest med signalspel och k\u00e4nslobilder. De strukturer som tidigare (om \u00e4n inte ofelbart) garanterade n\u00e5gon form av anknytning till verkligheten och moraliska checks-and-balances \u00e4r helt satta ur spel.<\/p>\n<p class=\"hyperion-css-1v9qo5x\">\u00a0<\/p>\n<p class=\"hyperion-css-1v9qo5x\"><strong>Resultatet blir politiker<\/strong> med en inl\u00e4rd hj\u00e4lpl\u00f6shet, som inte riktigt kan eller vill inse att det de sysslar med \u00e4r maktut\u00f6vande med konsekvenser f\u00f6r m\u00e4nniskor h\u00e4r och nu. F\u00f6r Ayla, Jomana och Jessica, f\u00f6r deras familjer, klasskamrater och kollegor. F\u00f6r SSU:arna som utvisats.<\/p>\n<p class=\"hyperion-css-1v9qo5x\">Det sorgliga \u00e4r att det \u00e4r s\u00e5 on\u00f6digt. Under nyheter om utvisningar av m\u00e4nniskor som bott h\u00e4r hela livet, l\u00e4rt sig spr\u00e5ket och jobbar inom bristyrken \u00e4r kommentarsf\u00e4ltet fullt av h\u00f6gerv\u00e4ljare som skriver att det ju \u201dinte var dessa man menade skulle skickas ut\u201d, utan de \u201dsom inte sk\u00f6ter sig\u201d. I befolkningen finns ett brett st\u00f6d f\u00f6r en restriktiv migrationspolitik sett till hur m\u00e5nga vi tar emot, men fan heller att det finns st\u00f6d f\u00f6r detta. \u00c4nd\u00e5 har den h\u00e4r politiken, detta ofantliga sl\u00f6seri med m\u00e4nskliga resurser, st\u00f6d av 85 procent av Sveriges riksdag.<\/p>\n<p class=\"hyperion-css-1v9qo5x\">\u00a0<\/p>\n<p class=\"hyperion-css-1v9qo5x\"><strong>Det \u00e4r deprimerande,<\/strong> och inget annat \u00e4n en total seger f\u00f6r en extrem, Sverigedemokratisk syn p\u00e5 invandrare som s\u00e4ger att det \u00e4r strunt samma hur mycket du anstr\u00e4nger dig, hur integrerad du \u00e4r \u2013 du kommer \u00e4nd\u00e5 aldrig h\u00f6ra hemma h\u00e4r.<\/p>\n<p class=\"hyperion-css-1v9qo5x\">Hade Socialdemokraterna f\u00f6r en sekund lyft n\u00e4san fr\u00e5n sina strategidokument hade man sett att den h\u00e4r politiken inte bara \u00e4r korkad och omoralisk, utan ocks\u00e5 saknar st\u00f6d. Hade man varit rotad i en folkr\u00f6relse hade man inte l\u00e5tit sig dras med av de h\u00f6gerextrema vindarna till ett floskelfantasiland frikopplat fr\u00e5n verkligheten. Och hade man haft lite f\u00f6rbannad ryggrad skulle man nu klart och tydligt s\u00e4ga: \u201dVi hade fel. Vi \u00e5ngrar oss.\u201d<\/p>\n","protected":false},"excerpt":{"rendered":"Ton\u00e5rsutvisningarna \u00e4r bara cynisk taktikshare-arrowDela unsaveSpara expand-left helsk\u00e4rm\u201dMagdalena Andersson h\u00e4nvisar i\u00a0st\u00e4llet till regeringens f\u00f6rslag om en \u2019ventil\u2019 \u2013&hellip;\n","protected":false},"author":2,"featured_media":157625,"comment_status":"","ping_status":"","sticky":false,"template":"","format":"standard","meta":{"footnotes":""},"categories":[5],"tags":[22,23,26,27,17,21,24,25,28,29,15,16,18,34,31,33,32,30,19,20],"class_list":{"0":"post-157624","1":"post","2":"type-post","3":"status-publish","4":"format-standard","5":"has-post-thumbnail","7":"category-rubriker","8":"tag-breaking-news","9":"tag-breakingnews","10":"tag-featured-news","11":"tag-featurednews","12":"tag-headlines","13":"tag-huvudnyheter","14":"tag-latest-news","15":"tag-latestnews","16":"tag-main-news","17":"tag-mainnews","18":"tag-news","19":"tag-nyheter","20":"tag-rubriker","21":"tag-se","22":"tag-svenska","23":"tag-sverige","24":"tag-sweden","25":"tag-swedish","26":"tag-top-stories","27":"tag-topstories"},"share_on_mastodon":{"url":"https:\/\/pubeurope.com\/@se\/116021621079520370","error":""},"_links":{"self":[{"href":"https:\/\/www.europesays.com\/se\/wp-json\/wp\/v2\/posts\/157624","targetHints":{"allow":["GET"]}}],"collection":[{"href":"https:\/\/www.europesays.com\/se\/wp-json\/wp\/v2\/posts"}],"about":[{"href":"https:\/\/www.europesays.com\/se\/wp-json\/wp\/v2\/types\/post"}],"author":[{"embeddable":true,"href":"https:\/\/www.europesays.com\/se\/wp-json\/wp\/v2\/users\/2"}],"replies":[{"embeddable":true,"href":"https:\/\/www.europesays.com\/se\/wp-json\/wp\/v2\/comments?post=157624"}],"version-history":[{"count":0,"href":"https:\/\/www.europesays.com\/se\/wp-json\/wp\/v2\/posts\/157624\/revisions"}],"wp:featuredmedia":[{"embeddable":true,"href":"https:\/\/www.europesays.com\/se\/wp-json\/wp\/v2\/media\/157625"}],"wp:attachment":[{"href":"https:\/\/www.europesays.com\/se\/wp-json\/wp\/v2\/media?parent=157624"}],"wp:term":[{"taxonomy":"category","embeddable":true,"href":"https:\/\/www.europesays.com\/se\/wp-json\/wp\/v2\/categories?post=157624"},{"taxonomy":"post_tag","embeddable":true,"href":"https:\/\/www.europesays.com\/se\/wp-json\/wp\/v2\/tags?post=157624"}],"curies":[{"name":"wp","href":"https:\/\/api.w.org\/{rel}","templated":true}]}}