{"id":157695,"date":"2026-02-06T06:24:07","date_gmt":"2026-02-06T06:24:07","guid":{"rendered":"https:\/\/www.europesays.com\/se\/157695\/"},"modified":"2026-02-06T06:24:07","modified_gmt":"2026-02-06T06:24:07","slug":"usa-och-iran-traffas-i-oman","status":"publish","type":"post","link":"https:\/\/www.europesays.com\/se\/157695\/","title":{"rendered":"USA och Iran tr\u00e4ffas i Oman"},"content":{"rendered":"<p>Det har varit tio m\u00e5nader av bergochdalbana mellan de tv\u00e5 l\u00e4nderna, en konflikt som med atomvapen i v\u00e5gsk\u00e5len engagerar hela v\u00e4rlden.<\/p>\n<p>Det b\u00f6rjade med ett brev fr\u00e5n president Trump till Irans ledare Ali Khamenei i april f\u00f6rra \u00e5ret, som manade till f\u00f6rhandlingar \u2013 men ocks\u00e5 satte en tidsfrist p\u00e5 tv\u00e5 m\u00e5nader.<\/p>\n<p><strong>Flera m\u00f6ten h\u00f6lls<\/strong> mellan USA:s s\u00e4ndebud Steve Witkoff och Irans utrikesminister Abbas Araghchi. Hoppet t\u00e4ndes om att man skulle kunna enas om ett uppl\u00e4gg d\u00e4r Iran kan forts\u00e4tta satsa p\u00e5 fredlig atomteknik, men inte bygger k\u00e4rnvapen som hotar bland andra USA:s n\u00e4ra allierade Israel.<\/p>\n<p>Samtidigt hade dock Iran en bakgrundsroll i just Israels krig mot Hamas i Gaza, och fram\u00e5t sommaren blev sp\u00e4nningarna f\u00f6r stora. Israel gick till bred attack, och fick \u00e4ven avg\u00f6rande milit\u00e4r hj\u00e4lp av USA i vad som blev k\u00e4nt som tolvdagarskriget.<\/p>\n<p>Efter\u00e5t var s\u00e5v\u00e4l Irans atomprogram som milit\u00e4ra f\u00f6rm\u00e5gor h\u00e5rt \u00e5tg\u00e5ngna. N\u00e4r det sedan nu i vinter \u00e4ven kom en folklig resning med demonstrationer i n\u00e4stan hela landet har den islamistiska regimen verkat vara i gungning.<\/p>\n<p><strong>Det kan ha bidragit<\/strong> till f\u00f6rnyad f\u00f6rhandlingsvilja. Och p\u00e5 fredagen \u00e4r det \u00e5ter dags f\u00f6r Witkoff och Araghchi att tr\u00e4ffas i Oman, ett av de l\u00e4nder i Mellan\u00f6stern som positionerat sig som medlare.<\/p>\n<p>Den iranske utrikesministern l\u00e5ter positiv.<\/p>\n<p>\u2013 President Trump har sagt \u201dinga k\u00e4rnvapen\u201d (f\u00f6r Iran), och det h\u00e5ller vi med om, s\u00e4ger han till CNN.<\/p>\n<p>Araghchi sticker inte under stol med vilket som \u00e4r Teheran-regimens viktigaste m\u00e5l \u2013 att slippa de omfattande sanktioner som USA inf\u00f6rt, och som har ett strypgrepp p\u00e5 den iranska ekonomin.<\/p>\n<p>\u2013 Det kan vara en v\u00e4ldigt bra deal. Men i utbyte v\u00e4ntar vi oss s\u00e5 klart att sanktionerna h\u00e4vs.<\/p>\n","protected":false},"excerpt":{"rendered":"Det har varit tio m\u00e5nader av bergochdalbana mellan de tv\u00e5 l\u00e4nderna, en konflikt som med atomvapen i v\u00e5gsk\u00e5len&hellip;\n","protected":false},"author":2,"featured_media":157696,"comment_status":"","ping_status":"","sticky":false,"template":"","format":"standard","meta":{"footnotes":""},"categories":[14],"tags":[22,23,26,27,17,21,24,25,28,29,15,16,18,34,31,33,32,30,19,20,51,52,53,54],"class_list":{"0":"post-157695","1":"post","2":"type-post","3":"status-publish","4":"format-standard","5":"has-post-thumbnail","7":"category-varlden","8":"tag-breaking-news","9":"tag-breakingnews","10":"tag-featured-news","11":"tag-featurednews","12":"tag-headlines","13":"tag-huvudnyheter","14":"tag-latest-news","15":"tag-latestnews","16":"tag-main-news","17":"tag-mainnews","18":"tag-news","19":"tag-nyheter","20":"tag-rubriker","21":"tag-se","22":"tag-svenska","23":"tag-sverige","24":"tag-sweden","25":"tag-swedish","26":"tag-top-stories","27":"tag-topstories","28":"tag-varlden","29":"tag-world","30":"tag-world-news","31":"tag-worldnews"},"share_on_mastodon":{"url":"https:\/\/pubeurope.com\/@se\/116022258082672269","error":""},"_links":{"self":[{"href":"https:\/\/www.europesays.com\/se\/wp-json\/wp\/v2\/posts\/157695","targetHints":{"allow":["GET"]}}],"collection":[{"href":"https:\/\/www.europesays.com\/se\/wp-json\/wp\/v2\/posts"}],"about":[{"href":"https:\/\/www.europesays.com\/se\/wp-json\/wp\/v2\/types\/post"}],"author":[{"embeddable":true,"href":"https:\/\/www.europesays.com\/se\/wp-json\/wp\/v2\/users\/2"}],"replies":[{"embeddable":true,"href":"https:\/\/www.europesays.com\/se\/wp-json\/wp\/v2\/comments?post=157695"}],"version-history":[{"count":0,"href":"https:\/\/www.europesays.com\/se\/wp-json\/wp\/v2\/posts\/157695\/revisions"}],"wp:featuredmedia":[{"embeddable":true,"href":"https:\/\/www.europesays.com\/se\/wp-json\/wp\/v2\/media\/157696"}],"wp:attachment":[{"href":"https:\/\/www.europesays.com\/se\/wp-json\/wp\/v2\/media?parent=157695"}],"wp:term":[{"taxonomy":"category","embeddable":true,"href":"https:\/\/www.europesays.com\/se\/wp-json\/wp\/v2\/categories?post=157695"},{"taxonomy":"post_tag","embeddable":true,"href":"https:\/\/www.europesays.com\/se\/wp-json\/wp\/v2\/tags?post=157695"}],"curies":[{"name":"wp","href":"https:\/\/api.w.org\/{rel}","templated":true}]}}