{"id":15772,"date":"2025-08-28T10:39:20","date_gmt":"2025-08-28T10:39:20","guid":{"rendered":"https:\/\/www.europesays.com\/se\/15772\/"},"modified":"2025-08-28T10:39:20","modified_gmt":"2025-08-28T10:39:20","slug":"forst-bayrou-sedan-stortar-vi-macron","status":"publish","type":"post","link":"https:\/\/www.europesays.com\/se\/15772\/","title":{"rendered":"\u201dF\u00f6rst Bayrou, sedan st\u00f6rtar vi Macron\u201d"},"content":{"rendered":"<p>P\u00e5 torsdagsmorgonen bekr\u00e4ftar Frankrikes regering att misstroendeomr\u00f6stningen mot premi\u00e4rminister Francois Bayrou h\u00e5lls den 8 september.<\/p>\n<p>Den uppkomna situationen inneb\u00e4r att Emmanuel Macron \u00e5terigen \u00e4r tr\u00e4ngd i ett h\u00f6rn, skriver Le Figaro. B\u00e5de v\u00e4nstern och h\u00f6gern kr\u00e4ver nu hans avg\u00e5ng och inom kort v\u00e4ntas han bli det fr\u00e4msta m\u00e5let f\u00f6r protester i Frankrike.<\/p>\n<p>\u201dDen 8 september avskedar vi Bayrou, den 10 september kommer vi att st\u00f6rta Macron\u201d, st\u00e5r skrivet p\u00e5 affischer som har satts upp i landet.<\/p>\n<p>Le Monde \u00e4r mer os\u00e4ker p\u00e5 utg\u00e5ngen. F\u00f6r Francois Bayrou v\u00e4ntar av allt att d\u00f6ma \u201dett tragiskt slut\u201d, men vilka konsekvenser det f\u00e5r f\u00f6r resten av Emmanuel Macrons fem\u00e5rsperiod ser tidningen fortsatt som oklart.<\/p>\n<p>Omni \u00e4r politiskt obundna och oberoende. Vi str\u00e4var efter att ge fler perspektiv p\u00e5 nyheterna. Har du fr\u00e5gor eller synpunkter kring v\u00e5r rapportering? <a href=\"https:\/\/omni.se\/affischerna-forst-bayrou-sedan-stortar-vi-macron\/a\/mailto:redaktion@omni.se\" class=\"ArticleActions_contactLink__W2F1M\" rel=\"nofollow noopener\" target=\"_blank\">Kontakta redaktionen<\/a><\/p>\n","protected":false},"excerpt":{"rendered":"P\u00e5 torsdagsmorgonen bekr\u00e4ftar Frankrikes regering att misstroendeomr\u00f6stningen mot premi\u00e4rminister Francois Bayrou h\u00e5lls den 8 september. Den uppkomna situationen&hellip;\n","protected":false},"author":2,"featured_media":15773,"comment_status":"","ping_status":"","sticky":false,"template":"","format":"standard","meta":{"footnotes":""},"categories":[65],"tags":[72,70,71,265,267,266,2022,34,31,33,32,30],"class_list":{"0":"post-15772","1":"post","2":"type-post","3":"status-publish","4":"format-standard","5":"has-post-thumbnail","7":"category-ekonomi","8":"tag-business","9":"tag-economy","10":"tag-ekonomi","11":"tag-emmanuel-macron","12":"tag-europa","13":"tag-frankrike","14":"tag-fransk-politik","15":"tag-se","16":"tag-svenska","17":"tag-sverige","18":"tag-sweden","19":"tag-swedish"},"share_on_mastodon":{"url":"","error":""},"_links":{"self":[{"href":"https:\/\/www.europesays.com\/se\/wp-json\/wp\/v2\/posts\/15772","targetHints":{"allow":["GET"]}}],"collection":[{"href":"https:\/\/www.europesays.com\/se\/wp-json\/wp\/v2\/posts"}],"about":[{"href":"https:\/\/www.europesays.com\/se\/wp-json\/wp\/v2\/types\/post"}],"author":[{"embeddable":true,"href":"https:\/\/www.europesays.com\/se\/wp-json\/wp\/v2\/users\/2"}],"replies":[{"embeddable":true,"href":"https:\/\/www.europesays.com\/se\/wp-json\/wp\/v2\/comments?post=15772"}],"version-history":[{"count":0,"href":"https:\/\/www.europesays.com\/se\/wp-json\/wp\/v2\/posts\/15772\/revisions"}],"wp:featuredmedia":[{"embeddable":true,"href":"https:\/\/www.europesays.com\/se\/wp-json\/wp\/v2\/media\/15773"}],"wp:attachment":[{"href":"https:\/\/www.europesays.com\/se\/wp-json\/wp\/v2\/media?parent=15772"}],"wp:term":[{"taxonomy":"category","embeddable":true,"href":"https:\/\/www.europesays.com\/se\/wp-json\/wp\/v2\/categories?post=15772"},{"taxonomy":"post_tag","embeddable":true,"href":"https:\/\/www.europesays.com\/se\/wp-json\/wp\/v2\/tags?post=15772"}],"curies":[{"name":"wp","href":"https:\/\/api.w.org\/{rel}","templated":true}]}}