{"id":15776,"date":"2025-08-28T10:45:33","date_gmt":"2025-08-28T10:45:33","guid":{"rendered":"https:\/\/www.europesays.com\/se\/15776\/"},"modified":"2025-08-28T10:45:33","modified_gmt":"2025-08-28T10:45:33","slug":"familjens-nya-besked-om-bruce-willis-halsa-far-vard-dygnet-runt","status":"publish","type":"post","link":"https:\/\/www.europesays.com\/se\/15776\/","title":{"rendered":"Familjens nya besked om Bruce Willis h\u00e4lsa &#8211; f\u00e5r v\u00e5rd dygnet runt"},"content":{"rendered":"<p>Bruce Willis h\u00e4lsa forts\u00e4tter att f\u00f6rs\u00e4mras. Enligt hans fru Emma Heming Willis p\u00e5verkas sk\u00e5despelaren \u2013 som lever med frontallobsdemens \u2013 alltmer av sjukdomen. Det skriver <a href=\"https:\/\/variety.com\/2025\/film\/news\/bruce-willis-brain-failing-abc-news-interview-1236498632\/\" rel=\"nofollow noopener\" target=\"_blank\">Variety<\/a>.<\/p>\n<p>Willis fick diagnosen afasi f\u00f6r tre \u00e5r sedan och demens tv\u00e5 \u00e5r senare. Trots att kroppen \u00e4r stark, har<strong> hans talf\u00f6rm\u00e5ga blivit s\u00e4mre<\/strong>.<\/p>\n<p>\u2013 Bruce r\u00f6r sig fortfarande bra och \u00e4r i v\u00e4ldigt god fysisk form. Han \u00e4r frisk, men hans hj\u00e4rna sviker honom. Hans talf\u00f6rm\u00e5ga blir s\u00e4mre och vi har f\u00e5tt anpassa oss efter det. Vi har v\u00e5rt eget s\u00e4tt att kommunicera, men p\u00e5 ett annorlunda vis, s\u00e4ger Heming Willis.<\/p>\n<p>L\u00e4s ocks\u00e5: <a href=\"https:\/\/www.moviezine.se\/nyheter\/bruce-willis-hemliga-kamp-mot-sjukdomen-skildras-i-ny-bok\" title=\"Bruce Willis hemliga kamp mot sjukdomen skildras i ny bok\" class=\"underline-custom !font-montserrat !font-bold !underline-offset-4 !decoration-4 !decoration-moviezine-green !text-md\" rel=\"nofollow noopener\" target=\"_blank\">Bruce Willis hemliga kamp mot sjukdomen skildras i ny bok<\/a><\/p>\n<p>Sk\u00e5despelaren har nu tillbringat mer \u00e4n tre \u00e5r av sitt pensionerade liv tillsammans med sin familj, l\u00e5ngt fr\u00e5n rampljuset.<\/p>\n<p>\u201dEtt av de tuffaste besluten\u201d<\/p>\n<p>B\u00e5de Emma Heming Willis och Bruces d\u00f6ttrar har delat med sig av sina historier i sociala medier de senaste \u00e5ren. D\u00e4r har fans kunnat f\u00f6lja s\u00e5v\u00e4l familjens kamp och k\u00e4rlek.<\/p>\n<p>Emma Heming Willis medverkade ig\u00e5r i dokument\u00e4ren \u201cEmma &amp; Bruce Willis: The Unexpected Journey\u201d p\u00e5 amerikanska ABC. Under intervjun med Diane Sawyer avsl\u00f6jades ocks\u00e5 att <strong>Bruce Willis har flyttat till ett nytt hem<\/strong>. D\u00e4r kan han f\u00e5 st\u00f6d och v\u00e5rd dygnet runt, skriver <a href=\"https:\/\/www.usmagazine.com\/celebrity-news\/news\/emma-heming-willis-reveals-bruce-lives-in-a-2nd-home-amid-dementia-battle\/\" rel=\"nofollow noopener\" target=\"_blank\">US Magazine<\/a>.<\/p>\n<p>\u2013 Det var ett av de tuffaste besluten jag beh\u00f6vt ta hittills. Men jag visste att det \u00e4r vad Bruce hade velat f\u00f6r v\u00e5ra d\u00f6ttrar. Att de kan bo i ett hem som \u00e4r skr\u00e4ddarsytt f\u00f6r deras behov och inte hans behov.<\/p>\n<p>Paret har tv\u00e5 d\u00f6ttrar ihop, 11 och 13 \u00e5r. B\u00e5da spenderar mycket tid i pappas \u201dandra hem\u201d och bes\u00f6ker honom b\u00e5de till frukost och middag.<\/p>\n<p><img loading=\"lazy\" decoding=\"async\" alt=\"YouTube video\" width=\"480\" height=\"360\" data-pin-nopin=\"true\" nopin=\"nopin\" class=\"perfmatters-lazy\" src=\"https:\/\/www.europesays.com\/se\/wp-content\/uploads\/2025\/08\/1756377933_302_hqdefault.jpg\"\/><\/p>\n<p>L\u00e4s ocks\u00e5: <a href=\"https:\/\/www.moviezine.se\/nyheter\/bruce-willis-dotter-slar-tillbaka-mot-kritiken-mot-hur-hon-behandlar-sin-pappa\" title=\"Bruce Willis dotter sl\u00e5r tillbaka mot kritiken mot hur hon behandlar sin pappa\" class=\"underline-custom !font-montserrat !font-bold !underline-offset-4 !decoration-4 !decoration-moviezine-green !text-md\" rel=\"nofollow noopener\" target=\"_blank\">Bruce Willis dotter sl\u00e5r tillbaka mot kritiken mot hur hon behandlar sin pappa<\/a><\/p>\n<p>L\u00e4s ocks\u00e5: <a href=\"https:\/\/www.moviezine.se\/nyheter\/bruce-willis-fru-ger-ny-uppdatering-idag-ar-jag-valdigt-ledsen\" title=\"\u201dIdag \u00e4r jag v\u00e4ldigt ledsen\u201d: Bruce Willis fru ger r\u00f6rande uppdatering p\u00e5 Fars dag\" class=\"underline-custom !font-montserrat !font-bold !underline-offset-4 !decoration-4 !decoration-moviezine-green !text-md\" rel=\"nofollow noopener\" target=\"_blank\">\u201dIdag \u00e4r jag v\u00e4ldigt ledsen\u201d: Bruce Willis fru ger r\u00f6rande uppdatering p\u00e5 Fars dag<\/a><\/p>\n","protected":false},"excerpt":{"rendered":"Bruce Willis h\u00e4lsa forts\u00e4tter att f\u00f6rs\u00e4mras. Enligt hans fru Emma Heming Willis p\u00e5verkas sk\u00e5despelaren \u2013 som lever med&hellip;\n","protected":false},"author":2,"featured_media":15777,"comment_status":"","ping_status":"","sticky":false,"template":"","format":"standard","meta":{"footnotes":""},"categories":[67],"tags":[1903,104,34,31,33,32,30,105],"class_list":{"0":"post-15776","1":"post","2":"type-post","3":"status-publish","4":"format-standard","5":"has-post-thumbnail","7":"category-underhallning","8":"tag-bruce-willis","9":"tag-entertainment","10":"tag-se","11":"tag-svenska","12":"tag-sverige","13":"tag-sweden","14":"tag-swedish","15":"tag-underhallning"},"share_on_mastodon":{"url":"","error":""},"_links":{"self":[{"href":"https:\/\/www.europesays.com\/se\/wp-json\/wp\/v2\/posts\/15776","targetHints":{"allow":["GET"]}}],"collection":[{"href":"https:\/\/www.europesays.com\/se\/wp-json\/wp\/v2\/posts"}],"about":[{"href":"https:\/\/www.europesays.com\/se\/wp-json\/wp\/v2\/types\/post"}],"author":[{"embeddable":true,"href":"https:\/\/www.europesays.com\/se\/wp-json\/wp\/v2\/users\/2"}],"replies":[{"embeddable":true,"href":"https:\/\/www.europesays.com\/se\/wp-json\/wp\/v2\/comments?post=15776"}],"version-history":[{"count":0,"href":"https:\/\/www.europesays.com\/se\/wp-json\/wp\/v2\/posts\/15776\/revisions"}],"wp:featuredmedia":[{"embeddable":true,"href":"https:\/\/www.europesays.com\/se\/wp-json\/wp\/v2\/media\/15777"}],"wp:attachment":[{"href":"https:\/\/www.europesays.com\/se\/wp-json\/wp\/v2\/media?parent=15776"}],"wp:term":[{"taxonomy":"category","embeddable":true,"href":"https:\/\/www.europesays.com\/se\/wp-json\/wp\/v2\/categories?post=15776"},{"taxonomy":"post_tag","embeddable":true,"href":"https:\/\/www.europesays.com\/se\/wp-json\/wp\/v2\/tags?post=15776"}],"curies":[{"name":"wp","href":"https:\/\/api.w.org\/{rel}","templated":true}]}}