{"id":15782,"date":"2025-08-28T10:58:38","date_gmt":"2025-08-28T10:58:38","guid":{"rendered":"https:\/\/www.europesays.com\/se\/15782\/"},"modified":"2025-08-28T10:58:38","modified_gmt":"2025-08-28T10:58:38","slug":"advokat-haktas-for-grova-brott","status":"publish","type":"post","link":"https:\/\/www.europesays.com\/se\/15782\/","title":{"rendered":"Advokat h\u00e4ktas f\u00f6r grova brott"},"content":{"rendered":"<p>Publicerad 28 aug 2025 kl 10.44Uppdaterad kl 11.10<\/p>\n<p>En advokat som haft uppdrag i flera uppm\u00e4rksammade r\u00e4tteg\u00e5ngar h\u00e4ktas f\u00f6r barnfridsbrott och kvinnofridskr\u00e4nkning.<\/p>\n<p>Brotten ska bland annat ha beg\u00e5tts p\u00e5 ett hotell i Borl\u00e4nge.<\/p>\n<p><img   alt=\"\"\/><\/p>\n<p>Advokaten h\u00e4ktades i Falu tingsr\u00e4tt.<\/p>\n<p>Foto: HENRIK MONTGOMERY \/ TT NYHETSBYR\u00c5N<\/p>\n<p>\u00d6ppna bild i helsk\u00e4rm<\/p>\n<p>Advokaten, en man i 50-\u00e5rs\u00e5ldern, h\u00e4ktades p\u00e5 tisdagen efter ett beslut i <a href=\"https:\/\/www.expressen.se\/tagg\/organization\/falu-tingsratt\/\" class=\"\" rel=\"nofollow noopener\" target=\"_blank\">Falu tingsr\u00e4tt<\/a>. Han misst\u00e4nks f\u00f6r fyra fall av barnfridsbrott och ett fall av grov kvinnofridskr\u00e4nkning. Brotten ska ha beg\u00e5tts mellan juni och augusti i \u00e5r p\u00e5 en adress i V\u00e4ster\u00e5s och p\u00e5 ett hotell i Borl\u00e4nge.<\/p>\n<p>Advokaten har haft uppdrag i flera uppm\u00e4rksammade r\u00e4tteg\u00e5ngar g\u00e4llande bland annat mord.<\/p>\n<p>Tingsr\u00e4tten bed\u00f6mer att det finns risk att mannen kan undanr\u00f6ja bevis eller forts\u00e4tta beg\u00e5 brott och tog d\u00e4rf\u00f6r beslut om h\u00e4ktningen.<\/p>\n<p>Enligt mannens advokat f\u00f6rnekar han samtliga misstankar.<\/p>\n","protected":false},"excerpt":{"rendered":"Publicerad 28 aug 2025 kl 10.44Uppdaterad kl 11.10 En advokat som haft uppdrag i flera uppm\u00e4rksammade r\u00e4tteg\u00e5ngar h\u00e4ktas&hellip;\n","protected":false},"author":2,"featured_media":15783,"comment_status":"","ping_status":"","sticky":false,"template":"","format":"standard","meta":{"footnotes":""},"categories":[12],"tags":[22,23,26,27,17,21,24,25,28,29,15,16,1801,18,34,666,31,33,32,30,19,136,20],"class_list":{"0":"post-15782","1":"post","2":"type-post","3":"status-publish","4":"format-standard","5":"has-post-thumbnail","7":"category-sverige","8":"tag-breaking-news","9":"tag-breakingnews","10":"tag-featured-news","11":"tag-featurednews","12":"tag-headlines","13":"tag-huvudnyheter","14":"tag-latest-news","15":"tag-latestnews","16":"tag-main-news","17":"tag-mainnews","18":"tag-news","19":"tag-nyheter","20":"tag-organization-falu-tingsratt","21":"tag-rubriker","22":"tag-se","23":"tag-sections-krim","24":"tag-svenska","25":"tag-sverige","26":"tag-sweden","27":"tag-swedish","28":"tag-top-stories","29":"tag-topic-rattegangar-domar","30":"tag-topstories"},"share_on_mastodon":{"url":"","error":""},"_links":{"self":[{"href":"https:\/\/www.europesays.com\/se\/wp-json\/wp\/v2\/posts\/15782","targetHints":{"allow":["GET"]}}],"collection":[{"href":"https:\/\/www.europesays.com\/se\/wp-json\/wp\/v2\/posts"}],"about":[{"href":"https:\/\/www.europesays.com\/se\/wp-json\/wp\/v2\/types\/post"}],"author":[{"embeddable":true,"href":"https:\/\/www.europesays.com\/se\/wp-json\/wp\/v2\/users\/2"}],"replies":[{"embeddable":true,"href":"https:\/\/www.europesays.com\/se\/wp-json\/wp\/v2\/comments?post=15782"}],"version-history":[{"count":0,"href":"https:\/\/www.europesays.com\/se\/wp-json\/wp\/v2\/posts\/15782\/revisions"}],"wp:featuredmedia":[{"embeddable":true,"href":"https:\/\/www.europesays.com\/se\/wp-json\/wp\/v2\/media\/15783"}],"wp:attachment":[{"href":"https:\/\/www.europesays.com\/se\/wp-json\/wp\/v2\/media?parent=15782"}],"wp:term":[{"taxonomy":"category","embeddable":true,"href":"https:\/\/www.europesays.com\/se\/wp-json\/wp\/v2\/categories?post=15782"},{"taxonomy":"post_tag","embeddable":true,"href":"https:\/\/www.europesays.com\/se\/wp-json\/wp\/v2\/tags?post=15782"}],"curies":[{"name":"wp","href":"https:\/\/api.w.org\/{rel}","templated":true}]}}