{"id":15797,"date":"2025-08-28T11:16:12","date_gmt":"2025-08-28T11:16:12","guid":{"rendered":"https:\/\/www.europesays.com\/se\/15797\/"},"modified":"2025-08-28T11:16:12","modified_gmt":"2025-08-28T11:16:12","slug":"ty-rattie-borta-fran-spel-reser-till-kanada-shl","status":"publish","type":"post","link":"https:\/\/www.europesays.com\/se\/15797\/","title":{"rendered":"Ty Rattie borta fr\u00e5n spel \u2013 reser till Kanada | SHL"},"content":{"rendered":"<p>Publicerad 28 aug 2025 kl 11.26Uppdaterad kl 12.31<\/p>\n<p>Ty Rattie reser hem till Kanada p\u00e5 grund av familjesk\u00e4l.<\/p>\n<p>Han kommer att missa spel med laget de kommande veckorna, meddelar Link\u00f6ping under torsdagen.<\/p>\n<p><img   alt=\"\"\/> <\/p>\n<p>Foto: MAGNUS ANDERSSON \/ BILDBYR\u00c5N<\/p>\n<p>\u00d6ppna bild i helsk\u00e4rm<\/p>\n<p>Link\u00f6pings stj\u00e4rnforward Ty Rattie kommer att vara tillf\u00e4lligt borta fr\u00e5n spel de kommande veckorna.<\/p>\n<p>Han reser till Kanada under torsdagen efter ett d\u00f6dsfall inom familjen.<\/p>\n<p>\u201dLink\u00f6ping Hockey Club st\u00e5r givetvis bakom Ty i denna tid och \u00f6nskar honom och hans familj styrka\u201d, skriver klubben i ett uttalande.<\/p>\n<p>De meddelar att han kommer att missa fredagens match mot Leksand och troligtvis \u00e4ven matcherna n\u00e4sta vecka.<\/p>\n","protected":false},"excerpt":{"rendered":"Publicerad 28 aug 2025 kl 11.26Uppdaterad kl 12.31 Ty Rattie reser hem till Kanada p\u00e5 grund av familjesk\u00e4l.&hellip;\n","protected":false},"author":2,"featured_media":15798,"comment_status":"","ping_status":"","sticky":false,"template":"","format":"standard","meta":{"footnotes":""},"categories":[5],"tags":[22,23,26,27,17,21,24,25,28,29,15,16,2025,1179,18,34,255,823,31,33,32,30,19,20],"class_list":{"0":"post-15797","1":"post","2":"type-post","3":"status-publish","4":"format-standard","5":"has-post-thumbnail","7":"category-rubriker","8":"tag-breaking-news","9":"tag-breakingnews","10":"tag-featured-news","11":"tag-featurednews","12":"tag-headlines","13":"tag-huvudnyheter","14":"tag-latest-news","15":"tag-latestnews","16":"tag-main-news","17":"tag-mainnews","18":"tag-news","19":"tag-nyheter","20":"tag-organization-linkoping-hc","21":"tag-organization-shl","22":"tag-rubriker","23":"tag-se","24":"tag-sections-ishockey","25":"tag-sections-shl","26":"tag-svenska","27":"tag-sverige","28":"tag-sweden","29":"tag-swedish","30":"tag-top-stories","31":"tag-topstories"},"share_on_mastodon":{"url":"","error":""},"_links":{"self":[{"href":"https:\/\/www.europesays.com\/se\/wp-json\/wp\/v2\/posts\/15797","targetHints":{"allow":["GET"]}}],"collection":[{"href":"https:\/\/www.europesays.com\/se\/wp-json\/wp\/v2\/posts"}],"about":[{"href":"https:\/\/www.europesays.com\/se\/wp-json\/wp\/v2\/types\/post"}],"author":[{"embeddable":true,"href":"https:\/\/www.europesays.com\/se\/wp-json\/wp\/v2\/users\/2"}],"replies":[{"embeddable":true,"href":"https:\/\/www.europesays.com\/se\/wp-json\/wp\/v2\/comments?post=15797"}],"version-history":[{"count":0,"href":"https:\/\/www.europesays.com\/se\/wp-json\/wp\/v2\/posts\/15797\/revisions"}],"wp:featuredmedia":[{"embeddable":true,"href":"https:\/\/www.europesays.com\/se\/wp-json\/wp\/v2\/media\/15798"}],"wp:attachment":[{"href":"https:\/\/www.europesays.com\/se\/wp-json\/wp\/v2\/media?parent=15797"}],"wp:term":[{"taxonomy":"category","embeddable":true,"href":"https:\/\/www.europesays.com\/se\/wp-json\/wp\/v2\/categories?post=15797"},{"taxonomy":"post_tag","embeddable":true,"href":"https:\/\/www.europesays.com\/se\/wp-json\/wp\/v2\/tags?post=15797"}],"curies":[{"name":"wp","href":"https:\/\/api.w.org\/{rel}","templated":true}]}}