{"id":15831,"date":"2025-08-28T11:51:07","date_gmt":"2025-08-28T11:51:07","guid":{"rendered":"https:\/\/www.europesays.com\/se\/15831\/"},"modified":"2025-08-28T11:51:07","modified_gmt":"2025-08-28T11:51:07","slug":"yasins-miljonsmall-efter-lyxiga-kopen","status":"publish","type":"post","link":"https:\/\/www.europesays.com\/se\/15831\/","title":{"rendered":"Yasins miljonsm\u00e4ll efter lyxiga k\u00f6pen"},"content":{"rendered":"<p>Publicerad 28 aug 2025 kl 13.37<\/p>\n<p>Rapparen Yasin f\u00e5r en skattesm\u00e4ll p\u00e5 n\u00e4ra 1,3 miljoner kronor, skriver Nyhetsbyr\u00e5n Siren.<\/p>\n<p>Enligt Skatteverket har han \u00e5kt p\u00e5 privata resor och k\u00f6pt lyxkl\u00e4der fr\u00e5n Louis Vuitton och Gucci f\u00f6r f\u00f6retagspengar.<\/p>\n<p><img   alt=\"\"\/><\/p>\n<p>Yasin.<\/p>\n<p>Foto: J. WILLS \/ Pressbild<\/p>\n<p>\u00d6ppna bild i helsk\u00e4rm<\/p>\n<p>Yasin Mahmoud, 27, \u00e4r aktuell med en s\u00e4llsynt konsert i helgen. D\u00e5 upptr\u00e4der han p\u00e5 Tr\u00e4dg\u00e5rden festival i Kristianstad. Tidigare i \u00e5r har planerade Yasin-spelningar p\u00e5 Br\u00e4nnbollsyran och i Borl\u00e4nge stoppats p\u00e5 grund av <a href=\"https:\/\/www.expressen.se\/nyheter\/sverige\/uppgifter-mordplan-mot-yasin-stoppad\/\" rel=\"nofollow noopener\" target=\"_blank\">polisens oro \u00f6ver s\u00e4kerhetsl\u00e4get<\/a>.<\/p>\n<p>Yasin \u00e4r d\u00f6md f\u00f6r flera brott och kopplades tidigare av polisen till det kriminella n\u00e4tverket Shottaz.<\/p>\n<p>Nu drabbas Yasin av en skattesm\u00e4ll p\u00e5 knappt 1,3 miljoner kronor.<\/p>\n<p>Detta efter att hans bolag Nomad empire har h\u00e5rdgranskats av Skatteverket.<\/p>\n<p>Myndigheten har hittat resor och ink\u00f6p som man anser \u00e4r av privat karakt\u00e4r: Bland annat ink\u00f6p av \u201drekvisita\u201d i lyxbutiker och burgare och l\u00e4sk p\u00e5 McDonald&#8217;s \u2013 och resor till Ghana, Teneriffa och Japan.<\/p>\n<p>\u201dPrada, Gucci&#8230;\u201d<\/p>\n<p>\u201dEr verksamhet saknar behov av specialanpassade skyddskl\u00e4der. De kl\u00e4der ni k\u00f6pt fr\u00e5n modebutiker s\u00e5som Prada, Gucci, Burberry, Louis Vuitton, Moss Bros, Balmain, Hugo Boss, Dior, Dolce Gabbana, Moncler, Yves Saint Laurent, Diesel och Levi Strauss \u00e4r m\u00e4rkeskl\u00e4der som s\u00e4ljs till konsumenter f\u00f6r privat anv\u00e4ndning\u201d, skriver Skatteverket.<\/p>\n<p>Yasin bor sedan ett antal \u00e5r utomlands, i ett europeiskt land, <a href=\"https:\/\/www.expressen.se\/noje\/yasins-nya-liv-efter-straffet-smabarnspappa-i-europa\/\" rel=\"nofollow noopener\" target=\"_blank\">och lever familjeliv.<\/a><\/p>\n","protected":false},"excerpt":{"rendered":"Publicerad 28 aug 2025 kl 13.37 Rapparen Yasin f\u00e5r en skattesm\u00e4ll p\u00e5 n\u00e4ra 1,3 miljoner kronor, skriver Nyhetsbyr\u00e5n&hellip;\n","protected":false},"author":2,"featured_media":15832,"comment_status":"","ping_status":"","sticky":false,"template":"","format":"standard","meta":{"footnotes":""},"categories":[67],"tags":[104,440,34,31,33,32,30,402,105],"class_list":{"0":"post-15831","1":"post","2":"type-post","3":"status-publish","4":"format-standard","5":"has-post-thumbnail","7":"category-underhallning","8":"tag-entertainment","9":"tag-function-unga","10":"tag-se","11":"tag-svenska","12":"tag-sverige","13":"tag-sweden","14":"tag-swedish","15":"tag-topic-artister","16":"tag-underhallning"},"share_on_mastodon":{"url":"","error":""},"_links":{"self":[{"href":"https:\/\/www.europesays.com\/se\/wp-json\/wp\/v2\/posts\/15831","targetHints":{"allow":["GET"]}}],"collection":[{"href":"https:\/\/www.europesays.com\/se\/wp-json\/wp\/v2\/posts"}],"about":[{"href":"https:\/\/www.europesays.com\/se\/wp-json\/wp\/v2\/types\/post"}],"author":[{"embeddable":true,"href":"https:\/\/www.europesays.com\/se\/wp-json\/wp\/v2\/users\/2"}],"replies":[{"embeddable":true,"href":"https:\/\/www.europesays.com\/se\/wp-json\/wp\/v2\/comments?post=15831"}],"version-history":[{"count":0,"href":"https:\/\/www.europesays.com\/se\/wp-json\/wp\/v2\/posts\/15831\/revisions"}],"wp:featuredmedia":[{"embeddable":true,"href":"https:\/\/www.europesays.com\/se\/wp-json\/wp\/v2\/media\/15832"}],"wp:attachment":[{"href":"https:\/\/www.europesays.com\/se\/wp-json\/wp\/v2\/media?parent=15831"}],"wp:term":[{"taxonomy":"category","embeddable":true,"href":"https:\/\/www.europesays.com\/se\/wp-json\/wp\/v2\/categories?post=15831"},{"taxonomy":"post_tag","embeddable":true,"href":"https:\/\/www.europesays.com\/se\/wp-json\/wp\/v2\/tags?post=15831"}],"curies":[{"name":"wp","href":"https:\/\/api.w.org\/{rel}","templated":true}]}}