{"id":15851,"date":"2025-08-28T12:10:07","date_gmt":"2025-08-28T12:10:07","guid":{"rendered":"https:\/\/www.europesays.com\/se\/15851\/"},"modified":"2025-08-28T12:10:07","modified_gmt":"2025-08-28T12:10:07","slug":"kremls-avfardar-nyheten-som-annu-en-fejkad-artikel","status":"publish","type":"post","link":"https:\/\/www.europesays.com\/se\/15851\/","title":{"rendered":"Kremls avf\u00e4rdar nyheten som \u201d\u00e4nnu en fejkad artikel\u201d"},"content":{"rendered":"<p>Kreml har \u00e4nnu inte haft tid att lusl\u00e4sa New York Times artikel. Det s\u00e4ger talesperson Dmitrij Peskov efter att tidningen rapporterat att ryska \u00f6vervakningsdr\u00f6nare flyger \u00f6ver tyska Th\u00fcringen f\u00f6r att spionera p\u00e5 v\u00e4stv\u00e4rldens topphemliga vapenleveranser till Ukraina.<\/p>\n<p>Men Peskov till\u00e4gger att det \u00e4r \u201dsv\u00e5rt att tro p\u00e5\u201d med motiveringen att tyskarna knappast hade kunnat h\u00e5lla tyst om en s\u00e5dan sak.<\/p>\n<p>\u2013 S\u00e5 sj\u00e4lvklart ser det h\u00e4r allt mer ut som \u00e4nnu en fejkad nyhetsartikel, s\u00e4ger Peskov.<\/p>\n<p>Enligt NYT:s k\u00e4llor finns det en stor oro i Europa f\u00f6r att de ryska fynden p\u00e5 sikt skulle skulle kunna anv\u00e4ndas f\u00f6r sabotage.<\/p>\n<p>Omni \u00e4r politiskt obundna och oberoende. Vi str\u00e4var efter att ge fler perspektiv p\u00e5 nyheterna. Har du fr\u00e5gor eller synpunkter kring v\u00e5r rapportering? <a href=\"https:\/\/omni.se\/kreml-avfardar-saken-som-annu-en-fejkad-nyhetsartikel\/a\/mailto:redaktion@omni.se\" class=\"ArticleActions_contactLink__W2F1M\" rel=\"nofollow noopener\" target=\"_blank\">Kontakta redaktionen<\/a><\/p>\n","protected":false},"excerpt":{"rendered":"Kreml har \u00e4nnu inte haft tid att lusl\u00e4sa New York Times artikel. Det s\u00e4ger talesperson Dmitrij Peskov efter&hellip;\n","protected":false},"author":2,"featured_media":15852,"comment_status":"","ping_status":"","sticky":false,"template":"","format":"standard","meta":{"footnotes":""},"categories":[14],"tags":[22,23,267,26,27,17,21,24,25,28,29,15,16,18,269,264,34,31,33,32,30,19,20,408,74,51,52,53,54],"class_list":{"0":"post-15851","1":"post","2":"type-post","3":"status-publish","4":"format-standard","5":"has-post-thumbnail","7":"category-varlden","8":"tag-breaking-news","9":"tag-breakingnews","10":"tag-europa","11":"tag-featured-news","12":"tag-featurednews","13":"tag-headlines","14":"tag-huvudnyheter","15":"tag-latest-news","16":"tag-latestnews","17":"tag-main-news","18":"tag-mainnews","19":"tag-news","20":"tag-nyheter","21":"tag-rubriker","22":"tag-ryska-invasionen","23":"tag-ryssland","24":"tag-se","25":"tag-svenska","26":"tag-sverige","27":"tag-sweden","28":"tag-swedish","29":"tag-top-stories","30":"tag-topstories","31":"tag-tyskland","32":"tag-usa","33":"tag-varlden","34":"tag-world","35":"tag-world-news","36":"tag-worldnews"},"share_on_mastodon":{"url":"","error":""},"_links":{"self":[{"href":"https:\/\/www.europesays.com\/se\/wp-json\/wp\/v2\/posts\/15851","targetHints":{"allow":["GET"]}}],"collection":[{"href":"https:\/\/www.europesays.com\/se\/wp-json\/wp\/v2\/posts"}],"about":[{"href":"https:\/\/www.europesays.com\/se\/wp-json\/wp\/v2\/types\/post"}],"author":[{"embeddable":true,"href":"https:\/\/www.europesays.com\/se\/wp-json\/wp\/v2\/users\/2"}],"replies":[{"embeddable":true,"href":"https:\/\/www.europesays.com\/se\/wp-json\/wp\/v2\/comments?post=15851"}],"version-history":[{"count":0,"href":"https:\/\/www.europesays.com\/se\/wp-json\/wp\/v2\/posts\/15851\/revisions"}],"wp:featuredmedia":[{"embeddable":true,"href":"https:\/\/www.europesays.com\/se\/wp-json\/wp\/v2\/media\/15852"}],"wp:attachment":[{"href":"https:\/\/www.europesays.com\/se\/wp-json\/wp\/v2\/media?parent=15851"}],"wp:term":[{"taxonomy":"category","embeddable":true,"href":"https:\/\/www.europesays.com\/se\/wp-json\/wp\/v2\/categories?post=15851"},{"taxonomy":"post_tag","embeddable":true,"href":"https:\/\/www.europesays.com\/se\/wp-json\/wp\/v2\/tags?post=15851"}],"curies":[{"name":"wp","href":"https:\/\/api.w.org\/{rel}","templated":true}]}}