{"id":158750,"date":"2026-02-07T08:37:07","date_gmt":"2026-02-07T08:37:07","guid":{"rendered":"https:\/\/www.europesays.com\/se\/158750\/"},"modified":"2026-02-07T08:37:07","modified_gmt":"2026-02-07T08:37:07","slug":"ilskan-i-taby-efter-gigantiska-potthalet-10-tal-bilar-fick-punktering","status":"publish","type":"post","link":"https:\/\/www.europesays.com\/se\/158750\/","title":{"rendered":"Ilskan i T\u00e4by efter gigantiska potth\u00e5let \u2013 10-tal bilar fick punktering"},"content":{"rendered":"<p>Publicerad 7 feb 2026 kl 08.47<\/p>\n<p>Ilskan \u00e4r stor i T\u00e4by efter att flera bilar f\u00e5tt punktering av ett potth\u00e5l.\u00a0<\/p>\n<p>Edvard Engelbrekt, 19, \u00e4r kritisk till att kommunen inte lagat h\u00e5let tidigare.<\/p>\n<p>\u2013 Att kommunen inte hittat n\u00e5gon l\u00e5ngvarig l\u00f6sning p\u00e5 det h\u00e4r \u00e4r patetiskt, s\u00e4ger han.\u00a0<\/p>\n<p>Senaste nyhetsklippen fr\u00e5n Expressen.<img   alt=\"\"\/><\/p>\n<p>Edvard Engelbrekt \u00e4r kritisk mot T\u00e4by kommun.<\/p>\n<p>Foto: Privat<\/p>\n<p>\u00d6ppna bild i helsk\u00e4rm<img loading=\"lazy\"   alt=\"\"\/><\/p>\n<p>Potth\u00e5let p\u00e5 Djursholmsv\u00e4gen i T\u00e4by.<\/p>\n<p>Foto: Privat<\/p>\n<p>\u00d6ppna bild i helsk\u00e4rm<\/p>\n<p>Den 16 januari k\u00f6rde flera bilar ner i ett potth\u00e5l p\u00e5 Djursholmsv\u00e4gen 54 i <a href=\"https:\/\/www.expressen.se\/tagg\/location\/taby\/\" class=\"\" rel=\"nofollow noopener\" target=\"_blank\">T\u00e4by<\/a> kommun. En av dem var Edvard Engelbrekt, 19. Han k\u00f6rde och hade tv\u00e5 kompisar med sig i bilen n\u00e4r det pl\u00f6tsligt small till.<\/p>\n<p>V\u00e4gen \u00e4r en rak str\u00e4cka med flera farthinder, ber\u00e4ttar han, och precis bakom ett av dem dolde sig ett stort potth\u00e5l och tv\u00e5 mindre.<\/p>\n<p>\u2013 Allts\u00e5, hela bilen skakade. Jag trodde initialt att d\u00e4cket hade ramlat av, f\u00f6r det small s\u00e5 pass ordentligt. Jag har aldrig sett ett s\u00e5 stort potth\u00e5l i hela mitt liv. Det var gigantiskt, s\u00e4ger han.<\/p>\n<p>10-tal bilar inblandade\u00a0<\/p>\n<p>De satte p\u00e5 varningsblinkers och ins\u00e5g snabbt att de inte var ensamma. L\u00e4ngre fram stod flera bilar som r\u00e5kat ut f\u00f6r samma sak. Flera av dem hade f\u00e5tt punktering, ber\u00e4ttar Edvard Engelbrekt.\u00a0<\/p>\n<p>Det bekr\u00e4ftas av en annan drabbad person som uppger att ett tiotal bilar f\u00e5tt \u00e5ka in till verkstaden efter h\u00e4ndelsen.<\/p>\n<p>\u2013 Alla tog bilder. Det var en ganska hetsig situation och m\u00e5nga ilskna bilister. En hade pratat i telefon med T\u00e4by kommun. Vi s\u00e5g b\u00e4rgningsbilar \u00e5ka fram och tillbaka med lastade bilar, ber\u00e4ttar Edvard Engelbrekt.<\/p>\n<p>F\u00f6rst trodde han att han klarat sig undan, men dagen efter, n\u00e4r han skulle k\u00f6ra i v\u00e4g med bilen, tog det stopp.<\/p>\n<p>\u2013 Jag s\u00e5g att d\u00e4cket var helt platt, s\u00e5 jag fick k\u00f6ra p\u00e5 f\u00e4lgen till verkstaden. Och d\u00e4cken var helt nya, s\u00e4ger han.<\/p>\n<p>Ilskan mot kommunen33 \u00e4renden hos kommunen<\/p>\n<p>En tj\u00e4nsteman uppger att man hittills registrerat 33 \u00e4renden kopplade till det specifika potth\u00e5let och s\u00e4ger att \u201dv\u00e4ldigt m\u00e5nga\u201d ringt in.<\/p>\n<p>Edvard Engelbrekt fick betala 11 639 kronor f\u00f6r att byta d\u00e4ck och fixa till f\u00e4lgen. Han har gjort en skadeanm\u00e4lan till kommunen, men f\u00e5tt avslag.<\/p>\n<p>\u2013 De sa att det inte \u00e4r tillr\u00e4ckligt bevisat att T\u00e4by kommun varit v\u00e5rdsl\u00f6s och gjort det h\u00e4r med upps\u00e5t. Jag tycker att man f\u00e5r st\u00e5 sitt kast. T\u00e4by kommun har ju ett ansvar f\u00f6r v\u00e4garna.<\/p>\n<p>Nu har han tagit strid mot kommunen och samlat ihop ett cirka 50 sidor l\u00e5ngt dokument med offentliga handlingar, vittnesuppgifter och bilder f\u00f6r att bevisa att kommunen agerat v\u00e5rdsl\u00f6st.<\/p>\n<p>Kritiken: \u201dPatetiskt\u201d\u00a0<\/p>\n<p>Edvard Engelbrekt \u00e4r kritisk mot att kommunen inte lagat h\u00e5let tidigare och menar att kommunen haft k\u00e4nnedom om det l\u00e4nge samt att lagningarna varit otillr\u00e4ckliga.\u00a0<\/p>\n<p>Annons<\/p>\n<p>\u2013 Om en cyklist hade \u00e5kt i det potth\u00e5let hade det nog blivit ganska allvarliga skador. Det \u00e4r en trafikfara. Kommunen har ju haft k\u00e4nnedom om det h\u00e4r v\u00e4ldigt l\u00e4nge. Att man \u00e5tminstone inte ens l\u00e4gger ut en kon eller en markering, det s\u00e4ger sig sj\u00e4lvt att det \u00e4r ett v\u00e5rdsl\u00f6st beteende av T\u00e4by kommun.\u00a0<\/p>\n<p>Enligt honom lagade kommunen h\u00e5let senare p\u00e5 kv\u00e4llen den 16:e januari.\u00a0<\/p>\n<p>Kommunen \u201dtr\u00e5kigt\u201d<\/p>\n<p>Enligt kommunen kom den f\u00f6rsta felanm\u00e4lan om potth\u00e5let den 15 januari och h\u00e5let lagades eftermiddagen den 16 januari, n\u00e5got Joakim Wallin, enhetschef f\u00f6r park- och stadsmilj\u00f6enheten menar \u00e4r en rimlig \u00e5tg\u00e4rdstid.<\/p>\n<p>\u2013 Det \u00e4r naturligtvis v\u00e4ldigt tr\u00e5kigt f\u00f6r de bilister som har drabbats. Vi f\u00f6rst\u00e5r frustrationen, s\u00e4ger han.<\/p>\n<p>Anledningen till att kommunen inte betalat ut ers\u00e4ttning beror p\u00e5 att man anser sig ha agerat i rimlig tid, s\u00e4ger Joakim Wallin.<\/p>\n<p>Det har tidigare rapporterats om att kommunen haft problem med potth\u00e5l. Bara under januari och februari 2024 kom det in 257 felanm\u00e4lningar g\u00e4llande potth\u00e5l, enligt <a href=\"https:\/\/www.mitti.se\/nyheter\/rekordar-for-potthal-i-taby-nu-pagar-lagningsarbetet-6.3.208166.2d211f90ef\" rel=\"nofollow noopener\" target=\"_blank\">Mitti. <\/a>\u00a0<\/p>\n<p>S\u00e5 svarar T\u00e4by kommun<\/p>\n<p>Kommunen uppger att potth\u00e5let uppstod inom kort tid p\u00e5 grund av det v\u00e4xlande v\u00e4dret i kombination med mycket trafik p\u00e5 platsen.<\/p>\n<p>\u2013 Det \u00e4r naturligtvis v\u00e4ldigt tr\u00e5kigt f\u00f6r de bilister som har drabbats. Vi f\u00f6rst\u00e5r frustrationen, s\u00e4ger Joakim Wallin, enhetschef f\u00f6r park- och stadsmilj\u00f6enheten.\u00a0<\/p>\n<p>Den f\u00f6rsta felanm\u00e4lan kom in p\u00e5 kv\u00e4llen den 15 januari och h\u00e5let lagades p\u00e5 kv\u00e4llen den 16 januari. Det ska enligt deras bed\u00f6mning inte funnits risk f\u00f6r personskador.<\/p>\n<p>\u2013 V\u00e5ra medarbetare s\u00e5g \u00e4rendet strax efter klockan 8 p\u00e5 morgonen den 16 januari och skickade det omedelbart till v\u00e5r entrepren\u00f6r. Vid 17\u2011tiden samma dag var h\u00e5let lagat, vilket \u00e4r en rimlig \u00e5tg\u00e4rdstid i sammanhanget.\u00a0<\/p>\n<p>Enligt kommunen har det uppst\u00e5tt potth\u00e5l p\u00e5 samma plats tidigare \u00e5r p\u00e5 grund av frostspr\u00e4ngning och v\u00e4derp\u00e5verkan, men det handlar inte om ett och samma potth\u00e5l. Det h\u00e4r var nytt, enligt kommunen.<\/p>\n<p>\u2013 Varje g\u00e5ng har det \u00e5tg\u00e4rdats snabbt. N\u00e4r det g\u00e4ller mer omfattande markarbeten g\u00f6r vi alltid en avv\u00e4gning. Ett st\u00f6rre ingrepp \u00e4r kostsamt och vi har ansvar att anv\u00e4nda skattepengar p\u00e5 ett effektivt s\u00e4tt. I det h\u00e4r fallet har problemen inte varit s\u00e5 frekventa eller l\u00e5ngvariga att en st\u00f6rre \u00e5tg\u00e4rd hittills varit motiverad.\u00a0<\/p>\n<p>Anledningen till att kommunen inte betalat ut ers\u00e4ttning beror p\u00e5 att man anser sig ha agerat i rimlig tid.\u00a0\u00a0<\/p>\n<p>\u2013 F\u00f6r att skadest\u00e5nd ska vara aktuellt kr\u00e4vs att kommunen har agerat oaktsamt. Det vill s\u00e4ga att vi k\u00e4nt till problemet och \u00e4nd\u00e5 l\u00e5tit bli att \u00e5tg\u00e4rda det i rimlig tid. I det h\u00e4r fallet bed\u00f6mer vi att vi agerat korrekt och inom rimlig tidsram. Vi f\u00f6rst\u00e5r samtidigt att det k\u00e4nns frustrerande att f\u00e5 avslag n\u00e4r man sj\u00e4lv drabbats av kostnader. Den som inte \u00e4r n\u00f6jd med beslutet har alltid m\u00f6jlighet att \u00f6verklaga det, och vi informerar g\u00e4rna om hur den processen g\u00e5r till.<\/p>\n<p>Visa mer<\/p>\n","protected":false},"excerpt":{"rendered":"Publicerad 7 feb 2026 kl 08.47 Ilskan \u00e4r stor i T\u00e4by efter att flera bilar f\u00e5tt punktering av&hellip;\n","protected":false},"author":2,"featured_media":158751,"comment_status":"","ping_status":"","sticky":false,"template":"","format":"standard","meta":{"footnotes":"","_share_on_mastodon":"0"},"categories":[12],"tags":[22,23,26,27,17,21,24,25,10777,28,29,15,16,18,34,154,31,33,32,30,19,435,3576,20],"class_list":["post-158750","post","type-post","status-publish","format-standard","has-post-thumbnail","category-sverige","tag-breaking-news","tag-breakingnews","tag-featured-news","tag-featurednews","tag-headlines","tag-huvudnyheter","tag-latest-news","tag-latestnews","tag-location-taby","tag-main-news","tag-mainnews","tag-news","tag-nyheter","tag-rubriker","tag-se","tag-sections-sverige","tag-svenska","tag-sverige","tag-sweden","tag-swedish","tag-top-stories","tag-topic-trafik","tag-topic-trafiksakerhet","tag-topstories"],"share_on_mastodon":{"url":"https:\/\/pubeurope.com\/@se\/116028443383287647","error":""},"_links":{"self":[{"href":"https:\/\/www.europesays.com\/se\/wp-json\/wp\/v2\/posts\/158750","targetHints":{"allow":["GET"]}}],"collection":[{"href":"https:\/\/www.europesays.com\/se\/wp-json\/wp\/v2\/posts"}],"about":[{"href":"https:\/\/www.europesays.com\/se\/wp-json\/wp\/v2\/types\/post"}],"author":[{"embeddable":true,"href":"https:\/\/www.europesays.com\/se\/wp-json\/wp\/v2\/users\/2"}],"replies":[{"embeddable":true,"href":"https:\/\/www.europesays.com\/se\/wp-json\/wp\/v2\/comments?post=158750"}],"version-history":[{"count":0,"href":"https:\/\/www.europesays.com\/se\/wp-json\/wp\/v2\/posts\/158750\/revisions"}],"wp:featuredmedia":[{"embeddable":true,"href":"https:\/\/www.europesays.com\/se\/wp-json\/wp\/v2\/media\/158751"}],"wp:attachment":[{"href":"https:\/\/www.europesays.com\/se\/wp-json\/wp\/v2\/media?parent=158750"}],"wp:term":[{"taxonomy":"category","embeddable":true,"href":"https:\/\/www.europesays.com\/se\/wp-json\/wp\/v2\/categories?post=158750"},{"taxonomy":"post_tag","embeddable":true,"href":"https:\/\/www.europesays.com\/se\/wp-json\/wp\/v2\/tags?post=158750"}],"curies":[{"name":"wp","href":"https:\/\/api.w.org\/{rel}","templated":true}]}}