{"id":159554,"date":"2026-02-08T09:07:36","date_gmt":"2026-02-08T09:07:36","guid":{"rendered":"https:\/\/www.europesays.com\/se\/159554\/"},"modified":"2026-02-08T09:07:36","modified_gmt":"2026-02-08T09:07:36","slug":"carl-johan-behre-iranska-folkets-offervilja-och-utlandska-bomber-racker-inte","status":"publish","type":"post","link":"https:\/\/www.europesays.com\/se\/159554\/","title":{"rendered":"Carl Johan Behre: Iranska folkets offervilja och utl\u00e4ndska bomber r\u00e4cker inte"},"content":{"rendered":"<p class=\"has-drop-cap\">I Iran utspelar sig nu \u00e4nnu ett folkligt uppror. I m\u00e5nga media f\u00f6rs den allvarliga ekonomiska krisen i landet fram som den utl\u00f6sande faktorn. Protesterna handlar dock om mer \u00e4n ekonomi. Upproret ses som existentiellt och m\u00e5let \u00e4r i korthet att st\u00f6rta mullornas teokrati. <\/p>\n<p>Protester h\u00f6rs genom breda folklager och \u00f6ver politiska och etniska gr\u00e4nser.\u00a0 Regimen svarar med massivt v\u00e5ld och tiotusentals m\u00e4nniskor har f\u00e4ngslats, torterats och m\u00f6rdats. De oppositionella st\u00e4ller nu hopp till att en utl\u00e4ndsk milit\u00e4r intervention skall v\u00e4nda utvecklingen i deras fav\u00f6r. Detta \u00e4r ett scenario som v\u00e4rlden har sett f\u00f6rut \u2013 bland annat i den arabiska v\u00e5ren som inleddes f\u00f6r lite drygt 14 \u00e5r sedan. <\/p>\n<p>Den t\u00e4ndande gnistan f\u00f6r den arabiska v\u00e5ren var f\u00f6rf\u00e4rande konkret \u2013gatuf\u00f6rs\u00e4ljaren Mohamed Bouazizi t\u00e4nde i f\u00f6rtvivlan eld p\u00e5 sig sj\u00e4lv en decemberdag 2010 p\u00e5 en marknadsplats i staden Sidi Bouzid i centrala Tunisien. Upplopp blev till uppror och i Jasminrevolutionen som f\u00f6ljde tvingades Tunisiens president Zine El Abidine Ben Ali att fly landet. <\/p>\n<p>Protesterna kom att sprida sig utanf\u00f6r Tunisen i en l\u00f6peld vars syre var den hoppl\u00f6shet som f\u00f6ds av fattigdom, korruption och f\u00f6rtryck. Protestv\u00e5gen n\u00e5dde grannlandet Libyen i februari \u00e5ret d\u00e4rp\u00e5 och svaret fr\u00e5n diktatorn Muammar al-Gaddafi blev stenh\u00e5rt. Upproret i landet skulle krossas till varje pris. <\/p>\n<p>V\u00e5ldet fr\u00e5n regimen s\u00e5gs som s\u00e5 skoningsl\u00f6st att omv\u00e4rlden k\u00e4nde sig tvingad till handling. Med st\u00f6d av FN ingrep\u00a0en NATO-ledd styrka f\u00f6r att med milit\u00e4rt v\u00e5ld mot den libyska arm\u00e9n skydda civilbefolkningen.\u00a0 USA:s president Barack Obama tog ledningen f\u00f6r de inledande milit\u00e4ra insatserna. Libyens luftf\u00f6rsvar slogs ut, ledningscentraler bombades och regimens milit\u00e4ra kapacitet f\u00f6rsvagades s\u00e5 kraftig att en brokig skara av rebeller och civila oppositionella kunde ta \u00f6ver landet och bilda ett nationellt \u00f6verg\u00e5ngsr\u00e5d som erk\u00e4ndes av USA och en rad andra l\u00e4nder. <\/p>\n<p>Stadsbyggandet var dock d\u00f6mt fr\u00e5n b\u00f6rjan. F\u00f6r att stabilisera ett heterogent land d\u00e4r motst\u00e5ndarna \u00e4r beredda till urskillningsl\u00f6st v\u00e5ld r\u00e4cker inte offervilja och h\u00f6ga ideal om \u00e4n m\u00e5ngtusenh\u00f6vdat. N\u00e4r tanke och k\u00f6tt m\u00f6ter st\u00e5l och bly \u00e4r utg\u00e5ngen given. Frihetskampen hade beh\u00f6vt soldater p\u00e5 marken, inte bara st\u00f6d fr\u00e5n luften. Barack Obama kallar f\u00f6ljaktligen USA:s intervention i Libyen f\u00f6r sitt st\u00f6rsta utrikespolitiska misslyckande.<\/p>\n<p>I dag h\u00e5ller v\u00e4rlden andan n\u00e4r en annan amerikansk president talar om att skydda en annan protestr\u00f6relse i ett annat land. I Iran \u00e4r teokratins v\u00e5ld mot obev\u00e4pnade civila s\u00e5 brutalt och h\u00e4mningsl\u00f6st att demonstranter s\u00e5v\u00e4l i exil som inne i landet ser en utl\u00e4ndsk milit\u00e4r intervention som n\u00f6dv\u00e4ndig f\u00f6r att f\u00e5 stopp p\u00e5 m\u00f6rdandet och st\u00f6rta regimen.\u00a0<\/p>\n<p>\u201dKeep protesting \u2013 help is on its way\u201d sade president Trump i mitten av januari.\u00a0Protesterna fortsatte, d\u00f6dandet kulminerade, men hj\u00e4lpen verkade stanna vid sanktioner. Tills nu. USA drar ihop sina styrkor och en hangarfartygsgrupp har anl\u00e4nt omr\u00e5det. Hotelser och krav utv\u00e4xlas. Huruvida USA sl\u00e5r till eller om president Trump n\u00e5r en ansiktsr\u00e4ddande \u201ddeal\u201d \u00e4r i skrivande stund oklart, men om USA angriper blir konsekvenserna sv\u00e5r\u00f6versk\u00e5dliga. <\/p>\n<p>Fr\u00e5gan \u00e4r ocks\u00e5 vad syftet f\u00f6r USA vore. Vill den nyckfulle presidenten pressa mullorna till en deal \u2013 kanske om k\u00e4rnvapenprogrammet som ingalunda \u00e4r avstannat? Vill han bevara sin f\u00f6rmenta heder med ett begr\u00e4nsat anfall eller vill han rentav f\u00e5 till ett regimskifte i Iran? Om ett regimskifte \u00e5stundas, \u00e4r det f\u00f6r det iranska folkets skull eller f\u00f6r realpolitiska sk\u00e4l eller b\u00e5de och? Irans eldring av milit\u00e4ra allierade och proxygrupper runtom i Mellan\u00f6stern skulle f\u00f6rsvagas oerh\u00f6rt om teokratin f\u00f6ll, vilket skulle kunna stabilisera andra l\u00e4nder. Irans m\u00e5nga fiender, s\u00e4rskilt Israel skulle gagnas i ett s\u00e5dant scenario, men vad med det iranska folket?<\/p>\n","protected":false},"excerpt":{"rendered":"I Iran utspelar sig nu \u00e4nnu ett folkligt uppror. I m\u00e5nga media f\u00f6rs den allvarliga ekonomiska krisen i&hellip;\n","protected":false},"author":2,"featured_media":159555,"comment_status":"","ping_status":"","sticky":false,"template":"","format":"standard","meta":{"footnotes":"","_share_on_mastodon":"0"},"categories":[5],"tags":[14825,22,23,385,26,27,17,21,1530,14826,24,25,28,29,15,16,369,18,34,31,33,32,30,19,20],"class_list":["post-159554","post","type-post","status-publish","format-standard","has-post-thumbnail","category-rubriker","tag-arabiska-varen","tag-breaking-news","tag-breakingnews","tag-donald-trump","tag-featured-news","tag-featurednews","tag-headlines","tag-huvudnyheter","tag-iran","tag-irgc","tag-latest-news","tag-latestnews","tag-main-news","tag-mainnews","tag-news","tag-nyheter","tag-politik","tag-rubriker","tag-se","tag-svenska","tag-sverige","tag-sweden","tag-swedish","tag-top-stories","tag-topstories"],"share_on_mastodon":{"url":"https:\/\/pubeurope.com\/@se\/116034223779645737","error":""},"_links":{"self":[{"href":"https:\/\/www.europesays.com\/se\/wp-json\/wp\/v2\/posts\/159554","targetHints":{"allow":["GET"]}}],"collection":[{"href":"https:\/\/www.europesays.com\/se\/wp-json\/wp\/v2\/posts"}],"about":[{"href":"https:\/\/www.europesays.com\/se\/wp-json\/wp\/v2\/types\/post"}],"author":[{"embeddable":true,"href":"https:\/\/www.europesays.com\/se\/wp-json\/wp\/v2\/users\/2"}],"replies":[{"embeddable":true,"href":"https:\/\/www.europesays.com\/se\/wp-json\/wp\/v2\/comments?post=159554"}],"version-history":[{"count":0,"href":"https:\/\/www.europesays.com\/se\/wp-json\/wp\/v2\/posts\/159554\/revisions"}],"wp:featuredmedia":[{"embeddable":true,"href":"https:\/\/www.europesays.com\/se\/wp-json\/wp\/v2\/media\/159555"}],"wp:attachment":[{"href":"https:\/\/www.europesays.com\/se\/wp-json\/wp\/v2\/media?parent=159554"}],"wp:term":[{"taxonomy":"category","embeddable":true,"href":"https:\/\/www.europesays.com\/se\/wp-json\/wp\/v2\/categories?post=159554"},{"taxonomy":"post_tag","embeddable":true,"href":"https:\/\/www.europesays.com\/se\/wp-json\/wp\/v2\/tags?post=159554"}],"curies":[{"name":"wp","href":"https:\/\/api.w.org\/{rel}","templated":true}]}}