{"id":15996,"date":"2025-08-28T15:28:10","date_gmt":"2025-08-28T15:28:10","guid":{"rendered":"https:\/\/www.europesays.com\/se\/15996\/"},"modified":"2025-08-28T15:28:10","modified_gmt":"2025-08-28T15:28:10","slug":"lisa-nyberg-skadad-missar-hela-sasongen","status":"publish","type":"post","link":"https:\/\/www.europesays.com\/se\/15996\/","title":{"rendered":"Lisa Nyberg skadad \u2013 missar hela s\u00e4songen"},"content":{"rendered":"<p>Publicerad 28 aug 2025 kl 13.34Uppdaterad kl 14.57<\/p>\n<p>Mardr\u00f6m f\u00f6r alpinlandslaget.<\/p>\n<p>Lisa Nyberg missar hela s\u00e4songen p\u00e5 grund av kn\u00e4skada.<\/p>\n<p><img   alt=\"\"\/><\/p>\n<p>23-\u00e5riga Lisa Nyberg missar resten av s\u00e4songen<\/p>\n<p>Foto: MAXIM THORE \/ BILDBYR\u00c5N<\/p>\n<p>\u00d6ppna bild i helsk\u00e4rm<\/p>\n<p>Det var under ett f\u00f6rs\u00e4songsl\u00e4ger i Argentina som 23-\u00e5ringen skadade sig p\u00e5 tr\u00e4ning.<\/p>\n<p>\u2013 Lisa fick ett felsk\u00e4r i en v\u00e4nstersv\u00e4ng, hon k\u00e4nde direkt att n\u00e5got i kn\u00e4t skadats, s\u00e4ger Charlie Laband, huvudtr\u00e4nare f\u00f6r alpina damlandslaget.<\/p>\n<p>Lisa Nyberg kommer att opereras i Sverige n\u00e4sta vecka, men redan nu st\u00e5r det klart att det inte blir n\u00e5gon start i OS i Italien i vinter. Lisa Nyberg missar hela den kommande t\u00e4vlingss\u00e4songen.<\/p>\n<p>Den allsidiga alpin\u00e5karen blev tolva i storslalomen under v\u00e4rldscupen i \u00c5re och \u00e4r regerande svensk m\u00e4stare i st\u00f6rtlopp och super-G.\u00a0<\/p>\n","protected":false},"excerpt":{"rendered":"Publicerad 28 aug 2025 kl 13.34Uppdaterad kl 14.57 Mardr\u00f6m f\u00f6r alpinlandslaget. Lisa Nyberg missar hela s\u00e4songen p\u00e5 grund&hellip;\n","protected":false},"author":2,"featured_media":15997,"comment_status":"","ping_status":"","sticky":false,"template":"","format":"standard","meta":{"footnotes":""},"categories":[68],"tags":[34,1175,111,110,31,33,32,30],"class_list":{"0":"post-15996","1":"post","2":"type-post","3":"status-publish","4":"format-standard","5":"has-post-thumbnail","7":"category-sport","8":"tag-se","9":"tag-sections-alpint","10":"tag-sport","11":"tag-sports","12":"tag-svenska","13":"tag-sverige","14":"tag-sweden","15":"tag-swedish"},"share_on_mastodon":{"url":"","error":""},"_links":{"self":[{"href":"https:\/\/www.europesays.com\/se\/wp-json\/wp\/v2\/posts\/15996","targetHints":{"allow":["GET"]}}],"collection":[{"href":"https:\/\/www.europesays.com\/se\/wp-json\/wp\/v2\/posts"}],"about":[{"href":"https:\/\/www.europesays.com\/se\/wp-json\/wp\/v2\/types\/post"}],"author":[{"embeddable":true,"href":"https:\/\/www.europesays.com\/se\/wp-json\/wp\/v2\/users\/2"}],"replies":[{"embeddable":true,"href":"https:\/\/www.europesays.com\/se\/wp-json\/wp\/v2\/comments?post=15996"}],"version-history":[{"count":0,"href":"https:\/\/www.europesays.com\/se\/wp-json\/wp\/v2\/posts\/15996\/revisions"}],"wp:featuredmedia":[{"embeddable":true,"href":"https:\/\/www.europesays.com\/se\/wp-json\/wp\/v2\/media\/15997"}],"wp:attachment":[{"href":"https:\/\/www.europesays.com\/se\/wp-json\/wp\/v2\/media?parent=15996"}],"wp:term":[{"taxonomy":"category","embeddable":true,"href":"https:\/\/www.europesays.com\/se\/wp-json\/wp\/v2\/categories?post=15996"},{"taxonomy":"post_tag","embeddable":true,"href":"https:\/\/www.europesays.com\/se\/wp-json\/wp\/v2\/tags?post=15996"}],"curies":[{"name":"wp","href":"https:\/\/api.w.org\/{rel}","templated":true}]}}