{"id":160167,"date":"2026-02-09T04:54:06","date_gmt":"2026-02-09T04:54:06","guid":{"rendered":"https:\/\/www.europesays.com\/se\/160167\/"},"modified":"2026-02-09T04:54:06","modified_gmt":"2026-02-09T04:54:06","slug":"20-ars-fangelse-for-jimmy-lai-en-skenrattegang","status":"publish","type":"post","link":"https:\/\/www.europesays.com\/se\/160167\/","title":{"rendered":"20 \u00e5rs f\u00e4ngelse f\u00f6r Jimmy Lai: \u201dEn skenr\u00e4tteg\u00e5ng\u201d"},"content":{"rendered":"<p>Hongkongs mediemogul Jimmy Lai d\u00f6ms till 20 \u00e5rs f\u00e4ngelse. D\u00e4rmed riskerar 78-\u00e5ringen att avsluta sitt liv bakom galler och i allra b\u00e4sta fall kan han sl\u00e4ppas fri runt 2037, skriver BBC.<\/p>\n<p>Han har anklagats f\u00f6r att ha samarbetat med utl\u00e4ndsk makt inom ramen f\u00f6r Kinas h\u00e5rt kritiserade s\u00e4kerhetslag, vilket har v\u00e4ckt omfattande kritik fr\u00e5n omv\u00e4rlden.<\/p>\n<p>\u2013 Det h\u00e4r har varit en skenr\u00e4tteg\u00e5ng fr\u00e5n b\u00f6rjan \u2013 manuset \u00e4r redan skrivet. Vi vet att ett drakoniskt straff \u00e4r p\u00e5 v\u00e4g, sa hans advokat Caoilfhionn Gallagher KC till BBC strax innan domen avkunnades.<\/p>\n<p>Fallet har \u00e4ven f\u00e5tt USA och Kina att ryka ihop. Donald Trump s\u00e4ger att han uppr\u00f6rs \u00f6ver domen och att han ska be president Xi Jinping att sl\u00e4ppa Jimmy Lai fri, skriver AP.<\/p>\n<p>Omni \u00e4r politiskt obundna och oberoende. Vi str\u00e4var efter att ge fler perspektiv p\u00e5 nyheterna. Har du fr\u00e5gor eller synpunkter kring v\u00e5r rapportering? <a href=\"https:\/\/omni.se\/20-ars-fangelse-for-jimmy-lai-en-skenrattegang\/a\/mailto:redaktion@omni.se\" class=\"ArticleActions_contactLink__W2F1M\" rel=\"nofollow noopener\" target=\"_blank\">Kontakta redaktionen<\/a><\/p>\n","protected":false},"excerpt":{"rendered":"Hongkongs mediemogul Jimmy Lai d\u00f6ms till 20 \u00e5rs f\u00e4ngelse. D\u00e4rmed riskerar 78-\u00e5ringen att avsluta sitt liv bakom galler&hellip;\n","protected":false},"author":2,"featured_media":160168,"comment_status":"","ping_status":"","sticky":false,"template":"","format":"standard","meta":{"footnotes":"","_share_on_mastodon":"0"},"categories":[5],"tags":[420,22,23,385,26,27,17,21,14856,549,2225,24,25,28,29,732,15,268,16,18,34,31,33,32,30,19,20,74,2223],"class_list":["post-160167","post","type-post","status-publish","format-standard","has-post-thumbnail","category-rubriker","tag-asien","tag-breaking-news","tag-breakingnews","tag-donald-trump","tag-featured-news","tag-featurednews","tag-headlines","tag-huvudnyheter","tag-jimmy-lai","tag-kina","tag-kinesisk-politik","tag-latest-news","tag-latestnews","tag-main-news","tag-mainnews","tag-media-reklam","tag-news","tag-nordamerika","tag-nyheter","tag-rubriker","tag-se","tag-svenska","tag-sverige","tag-sweden","tag-swedish","tag-top-stories","tag-topstories","tag-usa","tag-xi-jinping"],"share_on_mastodon":{"url":"https:\/\/pubeurope.com\/@se\/116038891132130059","error":""},"_links":{"self":[{"href":"https:\/\/www.europesays.com\/se\/wp-json\/wp\/v2\/posts\/160167","targetHints":{"allow":["GET"]}}],"collection":[{"href":"https:\/\/www.europesays.com\/se\/wp-json\/wp\/v2\/posts"}],"about":[{"href":"https:\/\/www.europesays.com\/se\/wp-json\/wp\/v2\/types\/post"}],"author":[{"embeddable":true,"href":"https:\/\/www.europesays.com\/se\/wp-json\/wp\/v2\/users\/2"}],"replies":[{"embeddable":true,"href":"https:\/\/www.europesays.com\/se\/wp-json\/wp\/v2\/comments?post=160167"}],"version-history":[{"count":0,"href":"https:\/\/www.europesays.com\/se\/wp-json\/wp\/v2\/posts\/160167\/revisions"}],"wp:featuredmedia":[{"embeddable":true,"href":"https:\/\/www.europesays.com\/se\/wp-json\/wp\/v2\/media\/160168"}],"wp:attachment":[{"href":"https:\/\/www.europesays.com\/se\/wp-json\/wp\/v2\/media?parent=160167"}],"wp:term":[{"taxonomy":"category","embeddable":true,"href":"https:\/\/www.europesays.com\/se\/wp-json\/wp\/v2\/categories?post=160167"},{"taxonomy":"post_tag","embeddable":true,"href":"https:\/\/www.europesays.com\/se\/wp-json\/wp\/v2\/tags?post=160167"}],"curies":[{"name":"wp","href":"https:\/\/api.w.org\/{rel}","templated":true}]}}