{"id":16086,"date":"2025-08-28T18:37:09","date_gmt":"2025-08-28T18:37:09","guid":{"rendered":"https:\/\/www.europesays.com\/se\/16086\/"},"modified":"2025-08-28T18:37:09","modified_gmt":"2025-08-28T18:37:09","slug":"fortsatt-gruvbrytning-paverkar-mer-av-kiruna-2","status":"publish","type":"post","link":"https:\/\/www.europesays.com\/se\/16086\/","title":{"rendered":"Fortsatt gruvbrytning p\u00e5verkar mer av Kiruna"},"content":{"rendered":"<p>&#13;<br \/>\n                        &#13;<br \/>\n&#13;<\/p>\n<p>                                    <img decoding=\"async\" src=\"https:\/\/www.europesays.com\/se\/wp-content\/uploads\/2025\/08\/9dae73adf3089240_800x800ar.jpg\"\/><br \/>\n                                &#13;<br \/>\n&#13;<\/p>\n<p><strong>Nu uppdaterar LKAB p\u00e5verkansomr\u00e5det i Kiruna. Den fortsatta gruvbrytningen p\u00e5 nuvarande huvudniv\u00e5 betyder att mer mark beh\u00f6ver tas i anspr\u00e5k.<br \/>&#8211; Det blir en utmaning f\u00f6r Kirunaborna, kommunen och oss p\u00e5 LKAB, men i grunden \u00e4r det positivt att vi har s\u00e5 mycket malm att vi kan forts\u00e4tta verksamheten och investera i v\u00e5r gemensamma framtid, s\u00e4ger vd och koncernchef Jan Mostr\u00f6m.<\/strong><\/p>\n<p>&#13;<\/p>\n<p style=\"margin-bottom:15px;margin-top:12px;\">LKAB redovisar idag den 28 augusti en uppdaterad deformationsprognos f\u00f6r Kiruna. P\u00e5verkansomr\u00e5det som ut\u00f6kas \u00e4r i stora delar j\u00e4mnt f\u00f6rdelat l\u00e4ngs med den tidigare linjen f\u00f6r ber\u00e4knad p\u00e5verkan. Det inneb\u00e4r att ytterligare cirka 2 700 bost\u00e4der och 6 000 personer ber\u00f6rs av den fortsatta samh\u00e4llsomvandlingen.<\/p>\n<p style=\"margin-bottom:15px;\">&#8211; Vi ser en st\u00f6rre p\u00e5verkan fr\u00e5n v\u00e5r befintliga brytning, samtidigt som de senaste \u00e5rens prospektering har gett oss en tydligare bild av fyndigheterna. Malmen dyker fortsatt \u00f6sterut in under den gamla staden, men ocks\u00e5 mot norr, d\u00e4r den \u00e4ven \u00e4r \u00f6ppen mot djupet, vi ser allts\u00e5 inte slutet p\u00e5 den. D\u00e4rf\u00f6r vill vi nu agera f\u00f6r ers\u00e4ttning och utveckling av nya bostadsomr\u00e5den, s\u00e4ger <strong>Jan Mostr\u00f6m<\/strong>. <\/p>\n<p style=\"margin-bottom:15px;\">LKAB:s prognoser av hur mycket mark som kommer att p\u00e5verkas av gruvbrytningen bygger p\u00e5 en rad faktorer. Det \u00e4r malmkroppens form och sammans\u00e4ttning, brytningsplaner och efterfr\u00e5gan p\u00e5 v\u00e4rldsmarknaden samt en rad m\u00e4tdata. Dels \u00f6vervakas deformationerna fr\u00e5n den befintliga brytningen, dels tas borrprover av den omgivande berggrunden f\u00f6r att avg\u00f6ra hur den kommer att bete sig n\u00e4r malmen bryts ut i n\u00e4rheten.<\/p>\n<p style=\"margin-bottom:15px;\">&#8211; Det \u00e4r ett st\u00e4ndigt l\u00e4rande. Gruvan i Kiruna \u00e4r unik p\u00e5 m\u00e5nga s\u00e4tt och ingen annan bryter j\u00e4rnmalm p\u00e5 s\u00e5 stora djup i s\u00e5dana volymer som vi g\u00f6r. De r\u00f6relser som uppst\u00e5tt i bergets naturliga strukturer i kombination med v\u00e5r malmtillg\u00e5ng har gjort att vi beh\u00f6vt g\u00f6ra om v\u00e5ra ber\u00e4kningar, och det \u00e4r en av anledningarna till att det p\u00e5verkade omr\u00e5det blir st\u00f6rre, s\u00e4ger Jan Mostr\u00f6m. <\/p>\n<p style=\"margin-bottom:15px;\">Det ut\u00f6kade omr\u00e5det beh\u00f6ver ers\u00e4ttas under de kommande tio \u00e5ren f\u00f6r att gruvbrytningen ska kunna forts\u00e4tta, till en uppskattad kostnad av cirka 22,5 miljarder kronor. En ut\u00f6kad samh\u00e4llsomvandling \u00e4r en f\u00f6ruts\u00e4ttning f\u00f6r LKAB:s nuvarande och fortsatta verksamhet som i sin tur \u00e4r avg\u00f6rande f\u00f6r Kirunas framtid. <\/p>\n<p style=\"margin-bottom:15px;\">&#8211; \u00c4ven om vi stoppade gruvan i dag skulle deformationerna forts\u00e4tta i m\u00e5nga \u00e5r. Om vi vill forts\u00e4tta ha en gruva i Kiruna s\u00e5 m\u00e5ste omr\u00e5det omvandlas. Ett livskraftigt Kiruna \u00e4r en f\u00f6ruts\u00e4ttning f\u00f6r v\u00e5r verksamhet och f\u00f6r att vi och samh\u00e4llet ska forts\u00e4tta utvecklas beh\u00f6ver vi genomf\u00f6ra detta, i n\u00e4ra samverkan med de som ber\u00f6rs, s\u00e4ger <strong>Stefan H\u00e4m\u00e4l\u00e4inen<\/strong>, direkt\u00f6r f\u00f6r samh\u00e4llsutveckling p\u00e5 LKAB.<\/p>\n<p style=\"margin-bottom:15px;\">Nu startar ett omfattande arbete med att f\u00f6ra en dialog med ber\u00f6rda fastighets\u00e4gare, boende, Kirunaborna, kommunen och myndigheter f\u00f6r att planera och hantera den fortsatta samh\u00e4llsomvandlingen. LKAB kommer i ett f\u00f6rsta steg bjuda in alla ber\u00f6rda till m\u00f6ten f\u00f6r att dela information och lyssna p\u00e5 synpunkter. LKAB och Kiruna kommun har sedan ett \u00e5r tillbaka haft en dialog om ers\u00e4ttning av flera kommunala byggnader och anl\u00e4ggningar som p\u00e5verkats av gruvan och som ligger utanf\u00f6r det tidigare ber\u00e4knade p\u00e5verkansomr\u00e5det.<\/p>\n<p style=\"margin-bottom:15px;\">&#8211; Vi har ett stort jobb framf\u00f6r oss. En betydande f\u00f6rdel \u00e4r att vi kan s\u00e5 mycket mer nu \u00e4n n\u00e4r omvandlingen av Kiruna startade 2004. D\u00e5 sa vi ofta att vi inte hade facit f\u00f6r att detta aldrig gjorts f\u00f6rut. Nu har vi stor kunskap och erfarenhet att bygga vidare ifr\u00e5n, s\u00e4ger Stefan H\u00e4m\u00e4l\u00e4inen.<\/p>\n<p style=\"margin-bottom:15px;\">F\u00f6r mer information, v\u00e4nligen kontakta:<\/p>\n<p style=\"margin-bottom:15px;\">Mikko Viitala, tf presschef LKAB<br \/>tel: 010 144 81 63, e-post: <a href=\"https:\/\/news.cision.com\/se\/lkab\/r\/mailto:mikko.viitala@lkab.com\" style=\" text-decoration:underline;\" rel=\"nofollow noopener\" target=\"_blank\">mikko.viitala@lkab.com<\/a> <\/p>\n<p style=\"margin-bottom:15px;\">Pressjour:<br \/>tel: 0771-76 00 10, e-post: <a href=\"https:\/\/news.cision.com\/se\/lkab\/r\/mailto:press@lkab.com\" style=\" text-decoration:underline;\" rel=\"nofollow noopener\" target=\"_blank\">press@lkab.com<\/a> <\/p>\n<p>&#13;<br \/>\n&#13;<br \/>\n&#13;<br \/>\n&#13;<\/p>\n<p>LKAB \u00e4r en internationell gruv- och mineralkoncern som erbjuder j\u00e4rnmalms-, mineral- och specialprodukter. Vi leder omst\u00e4llningen av j\u00e4rn- och st\u00e5lindustrin och v\u00e5r plan \u00e4r att utveckla koldioxidfria processer fram till \u00e5r 2045. Sedan 1890 har vi utvecklats genom unika innovationer och teknikl\u00f6sningar och drivs fram\u00e5t av mer \u00e4n 5 000 medarbetare i 12 l\u00e4nder. LKAB-koncernen omsatte cirka 33 miljarder kronor \u00e5r 2024. lkab.com<\/p>\n<p><strong>Taggar:<\/strong><\/p>\n<p>&#13;<br \/>\n&#13;<br \/>\n&#13;<\/p>\n","protected":false},"excerpt":{"rendered":"&#13; &#13; &#13; &#13; &#13; Nu uppdaterar LKAB p\u00e5verkansomr\u00e5det i Kiruna. Den fortsatta gruvbrytningen p\u00e5 nuvarande huvudniv\u00e5 betyder&hellip;\n","protected":false},"author":2,"featured_media":16087,"comment_status":"","ping_status":"","sticky":false,"template":"","format":"standard","meta":{"footnotes":""},"categories":[5],"tags":[22,23,2048,26,27,17,21,2046,1782,24,25,1783,28,29,2049,15,16,18,1784,34,2047,31,33,32,30,19,20],"class_list":{"0":"post-16086","1":"post","2":"type-post","3":"status-publish","4":"format-standard","5":"has-post-thumbnail","7":"category-rubriker","8":"tag-breaking-news","9":"tag-breakingnews","10":"tag-deformationsprognos","11":"tag-featured-news","12":"tag-featurednews","13":"tag-headlines","14":"tag-huvudnyheter","15":"tag-jan-mostrm","16":"tag-kiruna","17":"tag-latest-news","18":"tag-latestnews","19":"tag-lkab","20":"tag-main-news","21":"tag-mainnews","22":"tag-markpverkan","23":"tag-news","24":"tag-nyheter","25":"tag-rubriker","26":"tag-samhllsomvandling","27":"tag-se","28":"tag-stefan-hmlinen","29":"tag-svenska","30":"tag-sverige","31":"tag-sweden","32":"tag-swedish","33":"tag-top-stories","34":"tag-topstories"},"share_on_mastodon":{"url":"","error":""},"_links":{"self":[{"href":"https:\/\/www.europesays.com\/se\/wp-json\/wp\/v2\/posts\/16086","targetHints":{"allow":["GET"]}}],"collection":[{"href":"https:\/\/www.europesays.com\/se\/wp-json\/wp\/v2\/posts"}],"about":[{"href":"https:\/\/www.europesays.com\/se\/wp-json\/wp\/v2\/types\/post"}],"author":[{"embeddable":true,"href":"https:\/\/www.europesays.com\/se\/wp-json\/wp\/v2\/users\/2"}],"replies":[{"embeddable":true,"href":"https:\/\/www.europesays.com\/se\/wp-json\/wp\/v2\/comments?post=16086"}],"version-history":[{"count":0,"href":"https:\/\/www.europesays.com\/se\/wp-json\/wp\/v2\/posts\/16086\/revisions"}],"wp:featuredmedia":[{"embeddable":true,"href":"https:\/\/www.europesays.com\/se\/wp-json\/wp\/v2\/media\/16087"}],"wp:attachment":[{"href":"https:\/\/www.europesays.com\/se\/wp-json\/wp\/v2\/media?parent=16086"}],"wp:term":[{"taxonomy":"category","embeddable":true,"href":"https:\/\/www.europesays.com\/se\/wp-json\/wp\/v2\/categories?post=16086"},{"taxonomy":"post_tag","embeddable":true,"href":"https:\/\/www.europesays.com\/se\/wp-json\/wp\/v2\/tags?post=16086"}],"curies":[{"name":"wp","href":"https:\/\/api.w.org\/{rel}","templated":true}]}}