{"id":16105,"date":"2025-08-28T19:06:18","date_gmt":"2025-08-28T19:06:18","guid":{"rendered":"https:\/\/www.europesays.com\/se\/16105\/"},"modified":"2025-08-28T19:06:18","modified_gmt":"2025-08-28T19:06:18","slug":"efter-succen-med-fallout-inspelningen-av-mass-effect-spikad","status":"publish","type":"post","link":"https:\/\/www.europesays.com\/se\/16105\/","title":{"rendered":"Efter succ\u00e9n med \u201cFallout\u201d \u2014 inspelningen av \u201cMass Effect\u201d spikad"},"content":{"rendered":"<p>Amazon planerar att dra ig\u00e5ng inspelningen av sin \u201c<a href=\"https:\/\/www.moviezine.se\/nyheter\/nya-mass-effect-visar-upp-sig-kopplas-tydligt-till-originatrilogin\" rel=\"nofollow noopener\" target=\"_blank\">Mass Effect<\/a>\u201d-serie i slutet av 2026, rapporterar <a href=\"https:\/\/nordic.ign.com\/mass-effect-the-series\/98202\/news\/after-fallout-success-amazon-sets-mass-effect-series-filming-date-though-its-unclear-if-itll-be-a-ca\" rel=\"nofollow noopener\" target=\"_blank\">IGN<\/a>.<\/p>\n<p>Bakom projektet st\u00e5r Karim Zreik (\u201cJessica Jones\u201d), BioWares Mass Effect-producent Mike Gamble och veteranen Ari Arad. Doug Jung (\u201cStar Trek Beyond\u201d, \u201cMindhunter\u201d) \u00e4r utsedd till showrunner, medan Daniel Casey (\u201cFast &amp; Furious 9\u201d) ansvarar f\u00f6r manuset.<\/p>\n<p>Den nuvarande synopsisen f\u00f6r serien f\u00f6ljer handlingen i det f\u00f6rsta spelet. D\u00e4r m\u00e5ste <strong>Commander Shepard<\/strong> stoppa den avhoppade Spectre-agenten Saren, som har allierat sig med den mekaniska Reaper-rasen. F\u00f6r att lyckas samlar Shepard en brokig bes\u00e4ttning ombord p\u00e5 rymdskeppet Normandy.<\/p>\n<p>Hur n\u00e4ra serien kommer h\u00e5lla sig till spelens ber\u00e4ttelse \u00e4r dock fortfarande oklart \u2014 s\u00e4rskilt eftersom trilogin \u00e4r k\u00e4nd f\u00f6r sina m\u00e5nga spelarm\u00e4ssiga val som kan f\u00f6r\u00e4ndra handlingen i grunden.<\/p>\n<p>Amazon hade samtidigt stor framg\u00e5ng med sin tv-serie-version av \u201c<a href=\"https:\/\/www.moviezine.se\/nyheter\/fallout-ar-tillbaka-i-december-och-far-en-tredje-sasong\" rel=\"nofollow noopener\" target=\"_blank\">Fallout<\/a>\u201d. En spelserie som ocks\u00e5 g\u00e5r ut p\u00e5 att spelaren fattar m\u00e5nga stora val. <\/p>\n<p>L\u00e4s ocks\u00e5: <a href=\"https:\/\/www.moviezine.se\/nyheter\/visste-du-att-macgyver-ar-med-i-ett-av-tidernas-basta-rollspel\" title=\"Visste du att\u2026 \u201dMacGyver\u201d-stj\u00e4rnan Richard Dean Anderson \u00e4r med i ett av tidernas b\u00e4sta rollspel?\" class=\"underline-custom !font-montserrat !font-bold !underline-offset-4 !decoration-4 !decoration-moviezine-green !text-md\" rel=\"nofollow noopener\" target=\"_blank\">Visste du att\u2026 \u201dMacGyver\u201d-stj\u00e4rnan Richard Dean Anderson \u00e4r med i ett av tidernas b\u00e4sta rollspel?<\/a><\/p>\n<p>L\u00e4s ocks\u00e5: <a href=\"https:\/\/www.moviezine.se\/nyheter\/trailerpremiar-action-monster-och-apokalyps-i-sasong-2-av-fallout\" title=\"Trailerpremi\u00e4r: Action, monster och apokalyps i s\u00e4song 2 av \u201dFallout\u201d\" class=\"underline-custom !font-montserrat !font-bold !underline-offset-4 !decoration-4 !decoration-moviezine-green !text-md\" rel=\"nofollow noopener\" target=\"_blank\">Trailerpremi\u00e4r: Action, monster och apokalyps i s\u00e4song 2 av \u201dFallout\u201d<\/a><\/p>\n","protected":false},"excerpt":{"rendered":"Amazon planerar att dra ig\u00e5ng inspelningen av sin \u201cMass Effect\u201d-serie i slutet av 2026, rapporterar IGN. Bakom projektet&hellip;\n","protected":false},"author":2,"featured_media":16106,"comment_status":"","ping_status":"","sticky":false,"template":"","format":"standard","meta":{"footnotes":""},"categories":[66],"tags":[80,78,79,34,31,33,32,30,81,84,2012,83,82],"class_list":{"0":"post-16105","1":"post","2":"type-post","3":"status-publish","4":"format-standard","5":"has-post-thumbnail","7":"category-vetenskap-och-teknik","8":"tag-science","9":"tag-science-and-technology","10":"tag-scienceandtechnology","11":"tag-se","12":"tag-svenska","13":"tag-sverige","14":"tag-sweden","15":"tag-swedish","16":"tag-technology","17":"tag-teknik","18":"tag-tv-spel","19":"tag-vetenskap","20":"tag-vetenskapteknik"},"share_on_mastodon":{"url":"","error":""},"_links":{"self":[{"href":"https:\/\/www.europesays.com\/se\/wp-json\/wp\/v2\/posts\/16105","targetHints":{"allow":["GET"]}}],"collection":[{"href":"https:\/\/www.europesays.com\/se\/wp-json\/wp\/v2\/posts"}],"about":[{"href":"https:\/\/www.europesays.com\/se\/wp-json\/wp\/v2\/types\/post"}],"author":[{"embeddable":true,"href":"https:\/\/www.europesays.com\/se\/wp-json\/wp\/v2\/users\/2"}],"replies":[{"embeddable":true,"href":"https:\/\/www.europesays.com\/se\/wp-json\/wp\/v2\/comments?post=16105"}],"version-history":[{"count":0,"href":"https:\/\/www.europesays.com\/se\/wp-json\/wp\/v2\/posts\/16105\/revisions"}],"wp:featuredmedia":[{"embeddable":true,"href":"https:\/\/www.europesays.com\/se\/wp-json\/wp\/v2\/media\/16106"}],"wp:attachment":[{"href":"https:\/\/www.europesays.com\/se\/wp-json\/wp\/v2\/media?parent=16105"}],"wp:term":[{"taxonomy":"category","embeddable":true,"href":"https:\/\/www.europesays.com\/se\/wp-json\/wp\/v2\/categories?post=16105"},{"taxonomy":"post_tag","embeddable":true,"href":"https:\/\/www.europesays.com\/se\/wp-json\/wp\/v2\/tags?post=16105"}],"curies":[{"name":"wp","href":"https:\/\/api.w.org\/{rel}","templated":true}]}}