{"id":16131,"date":"2025-08-28T20:08:07","date_gmt":"2025-08-28T20:08:07","guid":{"rendered":"https:\/\/www.europesays.com\/se\/16131\/"},"modified":"2025-08-28T20:08:07","modified_gmt":"2025-08-28T20:08:07","slug":"tva-skadade-efter-skjutning-soder-om-stockholm","status":"publish","type":"post","link":"https:\/\/www.europesays.com\/se\/16131\/","title":{"rendered":"Tv\u00e5 skadade efter skjutning s\u00f6der om Stockholm"},"content":{"rendered":"<p>En skjutning har skett i Flemingsberg utanf\u00f6r Stockholm och tv\u00e5 personer \u00e4r skadade, rapporterar Aftonbladet. <\/p>\n<p>\u2013 Minst en av de h\u00e4r tv\u00e5 personerna har skador som vi bed\u00f6mer \u00e4r skottskador, s\u00e4ger Per Fahlstr\u00f6m, presstalesperson vid polisen.<\/p>\n<p>H\u00e4ndelsen utreds som mordf\u00f6rs\u00f6k. De drabbade var vakna och talbara n\u00e4r de f\u00f6rdes till sjukhus. <\/p>\n<p>Omni \u00e4r politiskt obundna och oberoende. Vi str\u00e4var efter att ge fler perspektiv p\u00e5 nyheterna. Har du fr\u00e5gor eller synpunkter kring v\u00e5r rapportering? <a href=\"https:\/\/omni.se\/tva-skadade-efter-skjutning-soder-om-stockholm\/a\/mailto:redaktion@omni.se\" class=\"ArticleActions_contactLink__W2F1M\" rel=\"nofollow noopener\" target=\"_blank\">Kontakta redaktionen<\/a><\/p>\n","protected":false},"excerpt":{"rendered":"En skjutning har skett i Flemingsberg utanf\u00f6r Stockholm och tv\u00e5 personer \u00e4r skadade, rapporterar Aftonbladet. \u2013 Minst en&hellip;\n","protected":false},"author":2,"featured_media":16132,"comment_status":"","ping_status":"","sticky":false,"template":"","format":"standard","meta":{"footnotes":""},"categories":[5],"tags":[22,23,128,26,27,17,2051,21,24,25,28,29,15,16,18,34,127,31,33,32,30,19,20],"class_list":{"0":"post-16131","1":"post","2":"type-post","3":"status-publish","4":"format-standard","5":"has-post-thumbnail","7":"category-rubriker","8":"tag-breaking-news","9":"tag-breakingnews","10":"tag-brott","11":"tag-featured-news","12":"tag-featurednews","13":"tag-headlines","14":"tag-huddinge","15":"tag-huvudnyheter","16":"tag-latest-news","17":"tag-latestnews","18":"tag-main-news","19":"tag-mainnews","20":"tag-news","21":"tag-nyheter","22":"tag-rubriker","23":"tag-se","24":"tag-stockholms-lan","25":"tag-svenska","26":"tag-sverige","27":"tag-sweden","28":"tag-swedish","29":"tag-top-stories","30":"tag-topstories"},"share_on_mastodon":{"url":"","error":""},"_links":{"self":[{"href":"https:\/\/www.europesays.com\/se\/wp-json\/wp\/v2\/posts\/16131","targetHints":{"allow":["GET"]}}],"collection":[{"href":"https:\/\/www.europesays.com\/se\/wp-json\/wp\/v2\/posts"}],"about":[{"href":"https:\/\/www.europesays.com\/se\/wp-json\/wp\/v2\/types\/post"}],"author":[{"embeddable":true,"href":"https:\/\/www.europesays.com\/se\/wp-json\/wp\/v2\/users\/2"}],"replies":[{"embeddable":true,"href":"https:\/\/www.europesays.com\/se\/wp-json\/wp\/v2\/comments?post=16131"}],"version-history":[{"count":0,"href":"https:\/\/www.europesays.com\/se\/wp-json\/wp\/v2\/posts\/16131\/revisions"}],"wp:featuredmedia":[{"embeddable":true,"href":"https:\/\/www.europesays.com\/se\/wp-json\/wp\/v2\/media\/16132"}],"wp:attachment":[{"href":"https:\/\/www.europesays.com\/se\/wp-json\/wp\/v2\/media?parent=16131"}],"wp:term":[{"taxonomy":"category","embeddable":true,"href":"https:\/\/www.europesays.com\/se\/wp-json\/wp\/v2\/categories?post=16131"},{"taxonomy":"post_tag","embeddable":true,"href":"https:\/\/www.europesays.com\/se\/wp-json\/wp\/v2\/tags?post=16131"}],"curies":[{"name":"wp","href":"https:\/\/api.w.org\/{rel}","templated":true}]}}