{"id":16215,"date":"2025-08-28T23:29:07","date_gmt":"2025-08-28T23:29:07","guid":{"rendered":"https:\/\/www.europesays.com\/se\/16215\/"},"modified":"2025-08-28T23:29:07","modified_gmt":"2025-08-28T23:29:07","slug":"han-forlitar-sig-pa-trumps-okunnighet","status":"publish","type":"post","link":"https:\/\/www.europesays.com\/se\/16215\/","title":{"rendered":"Han f\u00f6rlitar sig p\u00e5 Trumps okunnighet"},"content":{"rendered":"<p>Donald Trump har inte m\u00e5nga Rysslandsexperter runt sig i Vita huset, och det har Putin kunnat utnyttja. Det s\u00e4ger journalisten Catherine Belton, f\u00f6rfattare till den prisbel\u00f6nta boken \u201dPutins krets\u201d, till SVT Nyheter.<\/p>\n<p>\u2013 Putin har f\u00f6rlitat sig p\u00e5 okunnigheten i Trumps lag.<\/p>\n<p>Vita huset saknar kunskap om vad Kreml faktiskt menar med sina uttalanden. Det f\u00f6rklarar Trumps exalterade reaktioner n\u00e4r Putin \u00f6ppnar f\u00f6r eftergifter \u2013 att den ryske presidenten inte g\u00e5r in p\u00e5 vad de skulle inneb\u00e4ra betyder p\u00e5 Kremlspr\u00e5k att det inte blir n\u00e5gra, enligt Belton.<\/p>\n<p>Hittills tycks Putin ha lyckats vilseleda Trump, som tror att m\u00f6tena lett till framg\u00e5ngar trots att det hela varit \u201den cirkus best\u00e5ende av ingenting\u201d, till\u00e4gger hon.<\/p>\n<p>Omni \u00e4r politiskt obundna och oberoende. Vi str\u00e4var efter att ge fler perspektiv p\u00e5 nyheterna. Har du fr\u00e5gor eller synpunkter kring v\u00e5r rapportering? <a href=\"https:\/\/omni.se\/putinkannare-han-forlitar-sig-pa-trumps-okunnighet\/a\/mailto:redaktion@omni.se\" class=\"ArticleActions_contactLink__W2F1M\" rel=\"nofollow noopener\" target=\"_blank\">Kontakta redaktionen<\/a><\/p>\n","protected":false},"excerpt":{"rendered":"Donald Trump har inte m\u00e5nga Rysslandsexperter runt sig i Vita huset, och det har Putin kunnat utnyttja. Det&hellip;\n","protected":false},"author":2,"featured_media":16216,"comment_status":"","ping_status":"","sticky":false,"template":"","format":"standard","meta":{"footnotes":""},"categories":[14],"tags":[22,23,385,267,26,27,17,21,24,25,28,29,15,268,16,18,269,264,34,31,33,32,30,19,20,263,74,51,261,52,53,54],"class_list":{"0":"post-16215","1":"post","2":"type-post","3":"status-publish","4":"format-standard","5":"has-post-thumbnail","7":"category-varlden","8":"tag-breaking-news","9":"tag-breakingnews","10":"tag-donald-trump","11":"tag-europa","12":"tag-featured-news","13":"tag-featurednews","14":"tag-headlines","15":"tag-huvudnyheter","16":"tag-latest-news","17":"tag-latestnews","18":"tag-main-news","19":"tag-mainnews","20":"tag-news","21":"tag-nordamerika","22":"tag-nyheter","23":"tag-rubriker","24":"tag-ryska-invasionen","25":"tag-ryssland","26":"tag-se","27":"tag-svenska","28":"tag-sverige","29":"tag-sweden","30":"tag-swedish","31":"tag-top-stories","32":"tag-topstories","33":"tag-ukraina","34":"tag-usa","35":"tag-varlden","36":"tag-vladimir-putin","37":"tag-world","38":"tag-world-news","39":"tag-worldnews"},"share_on_mastodon":{"url":"","error":""},"_links":{"self":[{"href":"https:\/\/www.europesays.com\/se\/wp-json\/wp\/v2\/posts\/16215","targetHints":{"allow":["GET"]}}],"collection":[{"href":"https:\/\/www.europesays.com\/se\/wp-json\/wp\/v2\/posts"}],"about":[{"href":"https:\/\/www.europesays.com\/se\/wp-json\/wp\/v2\/types\/post"}],"author":[{"embeddable":true,"href":"https:\/\/www.europesays.com\/se\/wp-json\/wp\/v2\/users\/2"}],"replies":[{"embeddable":true,"href":"https:\/\/www.europesays.com\/se\/wp-json\/wp\/v2\/comments?post=16215"}],"version-history":[{"count":0,"href":"https:\/\/www.europesays.com\/se\/wp-json\/wp\/v2\/posts\/16215\/revisions"}],"wp:featuredmedia":[{"embeddable":true,"href":"https:\/\/www.europesays.com\/se\/wp-json\/wp\/v2\/media\/16216"}],"wp:attachment":[{"href":"https:\/\/www.europesays.com\/se\/wp-json\/wp\/v2\/media?parent=16215"}],"wp:term":[{"taxonomy":"category","embeddable":true,"href":"https:\/\/www.europesays.com\/se\/wp-json\/wp\/v2\/categories?post=16215"},{"taxonomy":"post_tag","embeddable":true,"href":"https:\/\/www.europesays.com\/se\/wp-json\/wp\/v2\/tags?post=16215"}],"curies":[{"name":"wp","href":"https:\/\/api.w.org\/{rel}","templated":true}]}}