{"id":16226,"date":"2025-08-28T23:55:17","date_gmt":"2025-08-28T23:55:17","guid":{"rendered":"https:\/\/www.europesays.com\/se\/16226\/"},"modified":"2025-08-28T23:55:17","modified_gmt":"2025-08-28T23:55:17","slug":"utmarkt-att-fhm-medger-problem","status":"publish","type":"post","link":"https:\/\/www.europesays.com\/se\/16226\/","title":{"rendered":"Utm\u00e4rkt att FHM medger problem"},"content":{"rendered":"<p>Folkh\u00e4lsomyndigheten f\u00f6rstod f\u00f6rst inte den kritik som avg\u00e5ende statsepidemiolog Magnus Gissl\u00e9n riktade mot myndigheten, eller s\u00e5 valde de medvetet att inte f\u00f6rst\u00e5 den. Det skriver Gissl\u00e9n p\u00e5 DN Debatt. <\/p>\n<p>Efter sitt f\u00f6rsta svar ser han d\u00e4remot att myndigheten har bytt fot, medgett problem och sagt att \u00e5tg\u00e4rder ska vidtas. <\/p>\n<p>\u201dDet \u00e4r utm\u00e4rkt och precis vad jag velat uppn\u00e5, men sorgligt att insikten kom f\u00f6rst efter h\u00e5rt medietryck\u201d, skriver han. <\/p>\n<p>I texten upprepar han anser att myndigheten saknar den kompetens som beh\u00f6vs och skriver att den b\u00e4sta v\u00e4gen fram\u00e5t sannolikt \u00e4r att en separat smittskyddsmyndighet skapas. <\/p>\n<p>Omni \u00e4r politiskt obundna och oberoende. Vi str\u00e4var efter att ge fler perspektiv p\u00e5 nyheterna. Har du fr\u00e5gor eller synpunkter kring v\u00e5r rapportering? <a href=\"https:\/\/omni.se\/magnus-gisslen-utmarkt-att-fhm-medger-problem\/a\/mailto:redaktion@omni.se\" class=\"ArticleActions_contactLink__W2F1M\" rel=\"nofollow noopener\" target=\"_blank\">Kontakta redaktionen<\/a><\/p>\n","protected":false},"excerpt":{"rendered":"Folkh\u00e4lsomyndigheten f\u00f6rstod f\u00f6rst inte den kritik som avg\u00e5ende statsepidemiolog Magnus Gissl\u00e9n riktade mot myndigheten, eller s\u00e5 valde de&hellip;\n","protected":false},"author":2,"featured_media":16227,"comment_status":"","ping_status":"","sticky":false,"template":"","format":"standard","meta":{"footnotes":""},"categories":[5],"tags":[22,23,1149,26,27,1624,17,21,1131,24,25,1623,28,29,15,16,1622,18,34,31,33,32,30,19,20],"class_list":{"0":"post-16226","1":"post","2":"type-post","3":"status-publish","4":"format-standard","5":"has-post-thumbnail","7":"category-rubriker","8":"tag-breaking-news","9":"tag-breakingnews","10":"tag-faktaruta-omni","11":"tag-featured-news","12":"tag-featurednews","13":"tag-folkhalsomyndigheten","14":"tag-headlines","15":"tag-huvudnyheter","16":"tag-jakob-forssmed","17":"tag-latest-news","18":"tag-latestnews","19":"tag-magnus-gisslen","20":"tag-main-news","21":"tag-mainnews","22":"tag-news","23":"tag-nyheter","24":"tag-olivia-wigzell","25":"tag-rubriker","26":"tag-se","27":"tag-svenska","28":"tag-sverige","29":"tag-sweden","30":"tag-swedish","31":"tag-top-stories","32":"tag-topstories"},"share_on_mastodon":{"url":"","error":""},"_links":{"self":[{"href":"https:\/\/www.europesays.com\/se\/wp-json\/wp\/v2\/posts\/16226","targetHints":{"allow":["GET"]}}],"collection":[{"href":"https:\/\/www.europesays.com\/se\/wp-json\/wp\/v2\/posts"}],"about":[{"href":"https:\/\/www.europesays.com\/se\/wp-json\/wp\/v2\/types\/post"}],"author":[{"embeddable":true,"href":"https:\/\/www.europesays.com\/se\/wp-json\/wp\/v2\/users\/2"}],"replies":[{"embeddable":true,"href":"https:\/\/www.europesays.com\/se\/wp-json\/wp\/v2\/comments?post=16226"}],"version-history":[{"count":0,"href":"https:\/\/www.europesays.com\/se\/wp-json\/wp\/v2\/posts\/16226\/revisions"}],"wp:featuredmedia":[{"embeddable":true,"href":"https:\/\/www.europesays.com\/se\/wp-json\/wp\/v2\/media\/16227"}],"wp:attachment":[{"href":"https:\/\/www.europesays.com\/se\/wp-json\/wp\/v2\/media?parent=16226"}],"wp:term":[{"taxonomy":"category","embeddable":true,"href":"https:\/\/www.europesays.com\/se\/wp-json\/wp\/v2\/categories?post=16226"},{"taxonomy":"post_tag","embeddable":true,"href":"https:\/\/www.europesays.com\/se\/wp-json\/wp\/v2\/tags?post=16226"}],"curies":[{"name":"wp","href":"https:\/\/api.w.org\/{rel}","templated":true}]}}