{"id":163031,"date":"2026-02-12T06:32:14","date_gmt":"2026-02-12T06:32:14","guid":{"rendered":"https:\/\/www.europesays.com\/se\/163031\/"},"modified":"2026-02-12T06:32:14","modified_gmt":"2026-02-12T06:32:14","slug":"kd-far-hogsta-stodet-sedan-2022-skillnaden-mellan-blocken-krymper","status":"publish","type":"post","link":"https:\/\/www.europesays.com\/se\/163031\/","title":{"rendered":"KD f\u00e5r h\u00f6gsta st\u00f6det sedan 2022 \u2013 skillnaden mellan blocken krymper"},"content":{"rendered":"<p>Kristdemokraterna f\u00e5r sitt h\u00f6gsta st\u00f6d p\u00e5 fyra \u00e5r, enligt februarim\u00e4tningen fr\u00e5n SVT\/Verian. Partiet har 5,6 procents v\u00e4ljarst\u00f6d, vilket \u00e4r en \u00f6kning med \u00f6ver en procentenhet j\u00e4mf\u00f6rt med januarim\u00e4tningen. D\u00e5 fick KD 4,3 procent. <\/p>\n<p>Framf\u00f6r\u202fallt har Ebba Busch dragit v\u00e4ljare fr\u00e5n M och SD, men en andel har ocks\u00e5 kommit fr\u00e5n C. <\/p>\n<p>I m\u00e4tningen hamnar L \u00e5terigen l\u00e5ngt under riksdagssp\u00e4rren och uppm\u00e4ter 2 procent.<\/p>\n<p>Skillnaden mellan blocken har ocks\u00e5 minskat och skiljer nu med 6,4 procentenheter. Tid\u00f6partierna har 45,9 procent av st\u00f6det samtidigt som S, V, MP och C tillsammans har 52,3 procent.<\/p>\n<p>Ta del av hela opinionsunders\u00f6kningen nedan.<\/p>\n<p>Om v\u00e4ljarbarometern fr\u00e5n Verian<\/p>\n<p>Verian, tidigare Kantar Sifo och Kantar Public, beskriver sin v\u00e4ljarbarometer som Sveriges st\u00f6rsta unders\u00f6kning av v\u00e4ljarsympatierna. <\/p>\n<p>Den baseras p\u00e5 omkring 3\u202f000 intervjuer med personer ur Sifo-panelen, som best\u00e5r av cirka 85\u202f000 personer i \u00e5ldrarna 18\u201384 \u00e5r. Verian kontrollerar att de svarande \u00e4r representativa utifr\u00e5n k\u00f6n, \u00e5lder, region, utbildningsniv\u00e5 och partisympatier i f\u00f6reg\u00e5ende val.<\/p>\n<p>V\u00e4ljarbarometern publiceras i samarbete med SVT Nyheter.<\/p>\n<p><a target=\"_blank\" rel=\"noreferrer nofollow noopener\" href=\"https:\/\/www.veriangroup.com\/sv\/insights\/thought-leadership\/v%C3%A4ljarbarometer\" class=\"Text_externalLink__zdh8y\">L\u00e4s mer \u2013&gt;<\/a><\/p>\n<p>Omni \u00e4r politiskt obundna och oberoende. Vi str\u00e4var efter att ge fler perspektiv p\u00e5 nyheterna. Har du fr\u00e5gor eller synpunkter kring v\u00e5r rapportering? <a href=\"https:\/\/omni.se\/kd-far-hogsta-stodet-sedan-2022-skillnaden-mellan-blocken-krymper\/a\/mailto:redaktion@omni.se\" class=\"ArticleActions_contactLink__W2F1M\" rel=\"nofollow noopener\" target=\"_blank\">Kontakta redaktionen<\/a><\/p>\n","protected":false},"excerpt":{"rendered":"Kristdemokraterna f\u00e5r sitt h\u00f6gsta st\u00f6d p\u00e5 fyra \u00e5r, enligt februarim\u00e4tningen fr\u00e5n SVT\/Verian. Partiet har 5,6 procents v\u00e4ljarst\u00f6d, vilket&hellip;\n","protected":false},"author":2,"featured_media":163032,"comment_status":"","ping_status":"","sticky":false,"template":"","format":"standard","meta":{"footnotes":"","_share_on_mastodon":"0"},"categories":[5],"tags":[22,23,1983,1106,26,27,17,21,1107,24,25,639,28,29,1234,551,15,16,2822,1982,369,18,34,1557,31,33,617,32,30,19,20,3416,1406],"class_list":["post-163031","post","type-post","status-publish","format-standard","has-post-thumbnail","category-rubriker","tag-breaking-news","tag-breakingnews","tag-centerpartiet","tag-ebba-busch","tag-featured-news","tag-featurednews","tag-headlines","tag-huvudnyheter","tag-kristdemokraterna","tag-latest-news","tag-latestnews","tag-liberalerna","tag-main-news","tag-mainnews","tag-miljopartiet","tag-moderaterna","tag-news","tag-nyheter","tag-omnimallar","tag-opinionsundersokningar","tag-politik","tag-rubriker","tag-se","tag-socialdemokraterna","tag-svenska","tag-sverige","tag-sverigedemokraterna","tag-sweden","tag-swedish","tag-top-stories","tag-topstories","tag-valet-2026","tag-vansterpartiet"],"share_on_mastodon":{"url":"","error":"Validation failed: Text character limit of 500 exceeded"},"_links":{"self":[{"href":"https:\/\/www.europesays.com\/se\/wp-json\/wp\/v2\/posts\/163031","targetHints":{"allow":["GET"]}}],"collection":[{"href":"https:\/\/www.europesays.com\/se\/wp-json\/wp\/v2\/posts"}],"about":[{"href":"https:\/\/www.europesays.com\/se\/wp-json\/wp\/v2\/types\/post"}],"author":[{"embeddable":true,"href":"https:\/\/www.europesays.com\/se\/wp-json\/wp\/v2\/users\/2"}],"replies":[{"embeddable":true,"href":"https:\/\/www.europesays.com\/se\/wp-json\/wp\/v2\/comments?post=163031"}],"version-history":[{"count":0,"href":"https:\/\/www.europesays.com\/se\/wp-json\/wp\/v2\/posts\/163031\/revisions"}],"wp:featuredmedia":[{"embeddable":true,"href":"https:\/\/www.europesays.com\/se\/wp-json\/wp\/v2\/media\/163032"}],"wp:attachment":[{"href":"https:\/\/www.europesays.com\/se\/wp-json\/wp\/v2\/media?parent=163031"}],"wp:term":[{"taxonomy":"category","embeddable":true,"href":"https:\/\/www.europesays.com\/se\/wp-json\/wp\/v2\/categories?post=163031"},{"taxonomy":"post_tag","embeddable":true,"href":"https:\/\/www.europesays.com\/se\/wp-json\/wp\/v2\/tags?post=163031"}],"curies":[{"name":"wp","href":"https:\/\/api.w.org\/{rel}","templated":true}]}}