{"id":163106,"date":"2026-02-12T08:01:11","date_gmt":"2026-02-12T08:01:11","guid":{"rendered":"https:\/\/www.europesays.com\/se\/163106\/"},"modified":"2026-02-12T08:01:11","modified_gmt":"2026-02-12T08:01:11","slug":"ryssland-har-forsokt-blockera-appen-helt","status":"publish","type":"post","link":"https:\/\/www.europesays.com\/se\/163106\/","title":{"rendered":"Ryssland har f\u00f6rs\u00f6kt blockera appen helt"},"content":{"rendered":"<p>Ryssland har gjort f\u00f6rs\u00f6k att \u201dhelt blockera\u201d den krypterade meddelande-tj\u00e4nsten Whatsapp i landet. Draget syftar till att f\u00e5 befolkningen att anv\u00e4nda en konkurrerande stats\u00e4gd tj\u00e4nst. Det uppger Whatsapp, rapporterar flera internationella medier.<\/p>\n<p>\u201dAtt f\u00f6rs\u00f6ka isolera \u00f6ver 100 miljoner anv\u00e4ndare fr\u00e5n privat och s\u00e4ker kommunikation \u00e4r ett steg tillbaka och kan bara leda till s\u00e4mre s\u00e4kerhet f\u00f6r m\u00e4nniskorna i Ryssland\u201d, skriver Whatsapp p\u00e5 X.<\/p>\n<p>Det \u00e4r inte f\u00f6rsta g\u00e5ngen som Ryssland hotar internetplattformar med f\u00f6rbud om de inte iakttar ryska lagar, inklusive s\u00e5dana som kr\u00e4ver att data fr\u00e5n ryska anv\u00e4ndare lagras inom landet.<\/p>\n<p>Omni \u00e4r politiskt obundna och oberoende. Vi str\u00e4var efter att ge fler perspektiv p\u00e5 nyheterna. Har du fr\u00e5gor eller synpunkter kring v\u00e5r rapportering? <a href=\"https:\/\/omni.se\/whatsapp-ryssland-har-forsokt-att-helt-blockera-appen\/a\/mailto:redaktion@omni.se\" class=\"ArticleActions_contactLink__W2F1M\" rel=\"nofollow noopener\" target=\"_blank\">Kontakta redaktionen<\/a><\/p>\n","protected":false},"excerpt":{"rendered":"Ryssland har gjort f\u00f6rs\u00f6k att \u201dhelt blockera\u201d den krypterade meddelande-tj\u00e4nsten Whatsapp i landet. Draget syftar till att f\u00e5&hellip;\n","protected":false},"author":2,"featured_media":163107,"comment_status":"","ping_status":"","sticky":false,"template":"","format":"standard","meta":{"footnotes":"","_share_on_mastodon":"0"},"categories":[5],"tags":[22,23,333,267,26,27,17,21,334,24,25,28,29,15,16,18,264,34,31,33,32,30,19,20,8757],"class_list":["post-163106","post","type-post","status-publish","format-standard","has-post-thumbnail","category-rubriker","tag-breaking-news","tag-breakingnews","tag-data","tag-europa","tag-featured-news","tag-featurednews","tag-headlines","tag-huvudnyheter","tag-it-hogteknologi","tag-latest-news","tag-latestnews","tag-main-news","tag-mainnews","tag-news","tag-nyheter","tag-rubriker","tag-ryssland","tag-se","tag-svenska","tag-sverige","tag-sweden","tag-swedish","tag-top-stories","tag-topstories","tag-whatsapp"],"share_on_mastodon":{"url":"https:\/\/pubeurope.com\/@se\/116056613391537875","error":""},"_links":{"self":[{"href":"https:\/\/www.europesays.com\/se\/wp-json\/wp\/v2\/posts\/163106","targetHints":{"allow":["GET"]}}],"collection":[{"href":"https:\/\/www.europesays.com\/se\/wp-json\/wp\/v2\/posts"}],"about":[{"href":"https:\/\/www.europesays.com\/se\/wp-json\/wp\/v2\/types\/post"}],"author":[{"embeddable":true,"href":"https:\/\/www.europesays.com\/se\/wp-json\/wp\/v2\/users\/2"}],"replies":[{"embeddable":true,"href":"https:\/\/www.europesays.com\/se\/wp-json\/wp\/v2\/comments?post=163106"}],"version-history":[{"count":0,"href":"https:\/\/www.europesays.com\/se\/wp-json\/wp\/v2\/posts\/163106\/revisions"}],"wp:featuredmedia":[{"embeddable":true,"href":"https:\/\/www.europesays.com\/se\/wp-json\/wp\/v2\/media\/163107"}],"wp:attachment":[{"href":"https:\/\/www.europesays.com\/se\/wp-json\/wp\/v2\/media?parent=163106"}],"wp:term":[{"taxonomy":"category","embeddable":true,"href":"https:\/\/www.europesays.com\/se\/wp-json\/wp\/v2\/categories?post=163106"},{"taxonomy":"post_tag","embeddable":true,"href":"https:\/\/www.europesays.com\/se\/wp-json\/wp\/v2\/tags?post=163106"}],"curies":[{"name":"wp","href":"https:\/\/api.w.org\/{rel}","templated":true}]}}