{"id":16317,"date":"2025-08-29T05:11:08","date_gmt":"2025-08-29T05:11:08","guid":{"rendered":"https:\/\/www.europesays.com\/se\/16317\/"},"modified":"2025-08-29T05:11:08","modified_gmt":"2025-08-29T05:11:08","slug":"nato-strategin-vatmarker-ska-stoppa-ryssland","status":"publish","type":"post","link":"https:\/\/www.europesays.com\/se\/16317\/","title":{"rendered":"Nato-strategin: V\u00e5tmarker ska stoppa Ryssland"},"content":{"rendered":"<p>Ett panikdrag av Ukraina kan bli en l\u00e5ngsiktig Natostrategi. \u00a0<\/p>\n<p>Natol\u00e4nder i Europa unders\u00f6ker m\u00f6jligheten att \u00e5terst\u00e4lla v\u00e5tmarker som ett s\u00e4tt att freda sig fr\u00e5n Ryssland, rapporterar Politico.<\/p>\n<p>\u2013 F\u00f6r oss \u00e4r naturen en allierad och vi vill anv\u00e4nda den, s\u00e4ger Cezary Tomczyk, statssekreterare vid det polska f\u00f6rsvarsdepartementet, till tidningen.\u00a0<\/p>\n<p>Senaste klippen om kriget i Ukraina.<img   alt=\"\"\/><\/p>\n<p>Nato hoppas kunna stoppa Putins framfart med hj\u00e4lp av v\u00e5tmarker.<\/p>\n<p>Foto: JULIA DEMAREE NIKHINSON \/ AP TT NYHETSBYR\u00c5N<\/p>\n<p>\u00d6ppna bild i helsk\u00e4rm<img loading=\"lazy\"   alt=\"\"\/><\/p>\n<p>Ukrainas president Volodymyr Zelenskyj.<\/p>\n<p>Foto: AARON SCHWARTZ \/ POOL \/ EPA CONSOLIDATED NEWS PHOTOS POOL<\/p>\n<p>\u00d6ppna bild i helsk\u00e4rm<img loading=\"lazy\"   alt=\"\"\/><\/p>\n<p>Kriget i Ukraina har p\u00e5g\u00e5tt i \u00f6ver tre \u00e5r.<\/p>\n<p>Foto: SERGEY DOLZHENKO \/ EPA \/ TT \/ EPA TT NYHETSBYR\u00c5N<\/p>\n<p>\u00d6ppna bild i helsk\u00e4rm<\/p>\n<p>\u00c5terst\u00e4ll v\u00e5tmarker. Vad som i Sverige har blivit k\u00e4nt genom fastlimmade personer p\u00e5 motorv\u00e4gen och aktivister som springer upp p\u00e5 scen vid st\u00f6rre tv-s\u00e4ndningar kan vara en succ\u00e9strategi f\u00f6r att b\u00e5de stoppa ryssens framfart och f\u00f6r att bek\u00e4mpa klimatf\u00f6r\u00e4ndringarna.\u00a0<\/p>\n<p>\u2013 Det \u00e4r en vinn-vinn-situation som uppn\u00e5r m\u00e5nga m\u00e5l p\u00e5 samma g\u00e5ng, s\u00e4ger Tarja Haaranen, \u00f6verdirekt\u00f6r f\u00f6r Finlands milj\u00f6departement, till Politico.<\/p>\n<p>Finland tillsammans med Polen ser nu \u00f6ver m\u00f6jligheterna att \u00e5terst\u00e4lla l\u00e4ndernas v\u00e5tmarker vid den \u00f6stra gr\u00e4nsen till Ryssland rapporterar tidningen.\u00a0<\/p>\n<p>V\u00e5tmark = ogenomtr\u00e4nglig skit<\/p>\n<p>Detta efter att Ukrainas panikdrag i inledningen av kriget 2022 spr\u00e4ngde en damm nord\u00f6st om Kiev. Vattnet sv\u00e4mmade \u00f6ver de uttorkade flodsl\u00e4tterna och sinkade de ryska styrkorna.<\/p>\n<p>\u2013 Marken f\u00f6rvandlas till ogenomtr\u00e4nglig skit, som jeepkillarna s\u00e4ger, s\u00e4ger Oleksandr Dmitriev, f\u00f6rsvarskonsult och hj\u00e4rnan bakom id\u00e9n, till Politico. \u00a0<\/p>\n<p>Bilder p\u00e5 Moskvas stridsvagnar fastk\u00f6rda i leran spreds \u00f6ver v\u00e4rlden.\u00a0<\/p>\n<p>\u2013 I princip stoppade det den ryska attacken fr\u00e5n norr, s\u00e4ger han.\u00a0<\/p>\n<p>En majoritet av Europas v\u00e5tmarker ligger vid <a href=\"https:\/\/www.expressen.se\/tagg\/organization\/nato\/\" class=\"\" rel=\"nofollow noopener\" target=\"_blank\">Natos<\/a> \u00f6stra gr\u00e4ns mot Ryssland och Belarus. Enligt forskare skulle det vara ett f\u00f6rh\u00e5llandevis enkelt s\u00e4tt f\u00f6r EU att uppn\u00e5 sina m\u00e5l inom klimat och f\u00f6rsvar p\u00e5 samma g\u00e5ng, skriver Politico.\u00a0<\/p>\n<p>\u201dDet \u00e4r vad som kr\u00e4vs\u201d<\/p>\n<p>Wiktor Kotowski, ekolog och medlem i den polska regeringens r\u00e5dgivande n\u00e4mnd f\u00f6r naturv\u00e5rd, konstaterar att det har f\u00f6rekommit lovande samtal med f\u00f6rsvarsdepartementet.<\/p>\n<p>\u2013 Departementet vill f\u00e5 tillbaka s\u00e5 m\u00e5nga v\u00e5tmarker som m\u00f6jligt l\u00e4ngs den \u00f6stra gr\u00e4nsen. Det \u00e4r ocks\u00e5 vad som kr\u00e4vs ur klimatsynpunkt, s\u00e4ger han till tidningen.<\/p>\n<p>I Litauen, Lettland och Estland finns det \u00e4n s\u00e5 l\u00e4nge inga uttalade planer p\u00e5 att \u00e5terst\u00e4lla n\u00e5gra v\u00e5tmarker f\u00f6r att st\u00e4rka f\u00f6rsvarsf\u00f6rm\u00e5gan vid gr\u00e4nsen.<\/p>\n","protected":false},"excerpt":{"rendered":"Ett panikdrag av Ukraina kan bli en l\u00e5ngsiktig Natostrategi. \u00a0 Natol\u00e4nder i Europa unders\u00f6ker m\u00f6jligheten att \u00e5terst\u00e4lla v\u00e5tmarker&hellip;\n","protected":false},"author":2,"featured_media":16318,"comment_status":"","ping_status":"","sticky":false,"template":"","format":"standard","meta":{"footnotes":""},"categories":[14],"tags":[22,23,26,27,17,21,24,25,1302,274,202,28,29,15,276,16,1401,18,34,55,31,33,32,30,19,20,51,52,53,54],"class_list":{"0":"post-16317","1":"post","2":"type-post","3":"status-publish","4":"format-standard","5":"has-post-thumbnail","7":"category-varlden","8":"tag-breaking-news","9":"tag-breakingnews","10":"tag-featured-news","11":"tag-featurednews","12":"tag-headlines","13":"tag-huvudnyheter","14":"tag-latest-news","15":"tag-latestnews","16":"tag-location-finland","17":"tag-location-ryssland","18":"tag-location-ukraina","19":"tag-main-news","20":"tag-mainnews","21":"tag-news","22":"tag-newsstory-kriget-i-ukraina","23":"tag-nyheter","24":"tag-organization-nato","25":"tag-rubriker","26":"tag-se","27":"tag-sections-varlden","28":"tag-svenska","29":"tag-sverige","30":"tag-sweden","31":"tag-swedish","32":"tag-top-stories","33":"tag-topstories","34":"tag-varlden","35":"tag-world","36":"tag-world-news","37":"tag-worldnews"},"share_on_mastodon":{"url":"","error":""},"_links":{"self":[{"href":"https:\/\/www.europesays.com\/se\/wp-json\/wp\/v2\/posts\/16317","targetHints":{"allow":["GET"]}}],"collection":[{"href":"https:\/\/www.europesays.com\/se\/wp-json\/wp\/v2\/posts"}],"about":[{"href":"https:\/\/www.europesays.com\/se\/wp-json\/wp\/v2\/types\/post"}],"author":[{"embeddable":true,"href":"https:\/\/www.europesays.com\/se\/wp-json\/wp\/v2\/users\/2"}],"replies":[{"embeddable":true,"href":"https:\/\/www.europesays.com\/se\/wp-json\/wp\/v2\/comments?post=16317"}],"version-history":[{"count":0,"href":"https:\/\/www.europesays.com\/se\/wp-json\/wp\/v2\/posts\/16317\/revisions"}],"wp:featuredmedia":[{"embeddable":true,"href":"https:\/\/www.europesays.com\/se\/wp-json\/wp\/v2\/media\/16318"}],"wp:attachment":[{"href":"https:\/\/www.europesays.com\/se\/wp-json\/wp\/v2\/media?parent=16317"}],"wp:term":[{"taxonomy":"category","embeddable":true,"href":"https:\/\/www.europesays.com\/se\/wp-json\/wp\/v2\/categories?post=16317"},{"taxonomy":"post_tag","embeddable":true,"href":"https:\/\/www.europesays.com\/se\/wp-json\/wp\/v2\/tags?post=16317"}],"curies":[{"name":"wp","href":"https:\/\/api.w.org\/{rel}","templated":true}]}}