{"id":16321,"date":"2025-08-29T05:16:13","date_gmt":"2025-08-29T05:16:13","guid":{"rendered":"https:\/\/www.europesays.com\/se\/16321\/"},"modified":"2025-08-29T05:16:13","modified_gmt":"2025-08-29T05:16:13","slug":"det-ar-mycket-som-stammer-i-det-ar-nagot-som-inte-stammer-kulturnytt","status":"publish","type":"post","link":"https:\/\/www.europesays.com\/se\/16321\/","title":{"rendered":"Det \u00e4r mycket som st\u00e4mmer i \u201dDet \u00e4r n\u00e5got som inte st\u00e4mmer\u201d &#8211; Kulturnytt"},"content":{"rendered":"<p><strong>Titel:<\/strong> Det \u00e4r n\u00e5got som inte st\u00e4mmer<br \/><strong>Regi:<\/strong> Martina Haag<br \/><strong>Manus:<\/strong> Martina Haag och Peter Arrhenius<br \/><strong>Sk\u00e5despelare: <\/strong>Alexandra Rapaport, Ella Hammarsten Liedberg, Shanti Roney, Jessica Liedberg m.fl. <br \/><strong>Genre:<\/strong> Dramakomedi<br \/><strong>Betyg:<\/strong> 3 av 5<br \/><strong>G\u00e5r att se:<\/strong> Bio<\/p>\n<p><strong>\u00c5ret \u00e4r 2020 och Petra<\/strong> fyller femtio. Hon blir uppvaktad p\u00e5 s\u00e4ngen med ett f\u00f6r dyrt diamantarmband fr\u00e5n maken och grattiskramar fr\u00e5n d\u00f6ttrarna. I Martina Haags regidebut \u201dDet \u00e4r n\u00e5got som inte st\u00e4mmer\u201d lever den vuxna Petra ett medelklassigt villaliv med v\u00e4lutrustat k\u00f6k och egen tr\u00e4dg\u00e5rd.<\/p>\n<p>En kontrast till uppv\u00e4xten i h\u00f6ghuset p\u00e5 Liding\u00f6. I filmens 1985 delade hon ett tunnv\u00e4ggigt rum med lillsyrran, invaderat av hatiska och vinpimplande f\u00f6r\u00e4ldrar. Jessica Liedberg som den lulligt kontakts\u00f6kande mamman med sovrufs i nacken, \u00e4r en av den h\u00e4r filmens f\u00f6rsta h\u00f6jdpunkter.<\/p>\n<p>F\u00f6r det \u00e4r faktiskt en v\u00e4ldigt bra id\u00e9 att placera Martina Haag i en registol.<\/p>\n<p>Det \u00e4r ingen enkel sak att skildra skilsm\u00e4ssosm\u00e4rta i l\u00e5ngfilmsformat. F\u00f6r den vuxna Petra lyckas inte h\u00e5lla det d\u00e4r l\u00f6ftet hon gav sig sj\u00e4lv som femton\u00e5ring &#8211; att aldrig skiljas. Alexandra Rapaport \u00e4r lysande i rollen som krackelerande nutidsm\u00e4nniska. Det \u00e4r tydligt att de d\u00e4r sj\u00e4lvhj\u00e4lpsb\u00f6ckerna och familjeterapin och yogan inte biter p\u00e5 ursm\u00e4rta. Fr\u00e5n boken k\u00e4nner jag ocks\u00e5 igen det d\u00e4r trixet med att \u00f6verleva en kvart i taget.<\/p>\n<p>Till och med tidshoppen mellan 50 och 15, fungerar faktiskt f\u00f6rv\u00e5nansv\u00e4rt bra, att v\u00e4xla till den unga Petra, \u00e4ven hon spelad med k\u00e4nslig och s\u00e4ker ton\u00e5rstr\u00e4ff av Ella Hammarsten Liedberg. Det h\u00e4r \u00e4r helt enkelt en sev\u00e4rd film, lite feelbad och lite Bridget Jones.<\/p>\n<p class=\"byline\">Nina Asarnoj<br \/><a class=\"internal-link\" target=\"_self\" href=\"https:\/\/www.sverigesradio.se\/artikel\/mailto:nina.asarnoj@sverigesradio.se\" rel=\"nofollow noopener\">nina.asarnoj@sverigesradio.se<\/a><\/p>\n","protected":false},"excerpt":{"rendered":"Titel: Det \u00e4r n\u00e5got som inte st\u00e4mmerRegi: Martina HaagManus: Martina Haag och Peter ArrheniusSk\u00e5despelare: Alexandra Rapaport, Ella Hammarsten&hellip;\n","protected":false},"author":2,"featured_media":16322,"comment_status":"","ping_status":"","sticky":false,"template":"","format":"standard","meta":{"footnotes":""},"categories":[67],"tags":[900,904,104,903,902,194,898,899,787,171,901,34,31,33,32,30,905,105],"class_list":{"0":"post-16321","1":"post","2":"type-post","3":"status-publish","4":"format-standard","5":"has-post-thumbnail","7":"category-underhallning","8":"tag-bcker","9":"tag-dans","10":"tag-entertainment","11":"tag-film","12":"tag-konst","13":"tag-kultur","14":"tag-kulturnyheter","15":"tag-kulturnytt","16":"tag-lyssna","17":"tag-radio","18":"tag-recensioner","19":"tag-se","20":"tag-svenska","21":"tag-sverige","22":"tag-sweden","23":"tag-swedish","24":"tag-teater","25":"tag-underhallning"},"share_on_mastodon":{"url":"","error":""},"_links":{"self":[{"href":"https:\/\/www.europesays.com\/se\/wp-json\/wp\/v2\/posts\/16321","targetHints":{"allow":["GET"]}}],"collection":[{"href":"https:\/\/www.europesays.com\/se\/wp-json\/wp\/v2\/posts"}],"about":[{"href":"https:\/\/www.europesays.com\/se\/wp-json\/wp\/v2\/types\/post"}],"author":[{"embeddable":true,"href":"https:\/\/www.europesays.com\/se\/wp-json\/wp\/v2\/users\/2"}],"replies":[{"embeddable":true,"href":"https:\/\/www.europesays.com\/se\/wp-json\/wp\/v2\/comments?post=16321"}],"version-history":[{"count":0,"href":"https:\/\/www.europesays.com\/se\/wp-json\/wp\/v2\/posts\/16321\/revisions"}],"wp:featuredmedia":[{"embeddable":true,"href":"https:\/\/www.europesays.com\/se\/wp-json\/wp\/v2\/media\/16322"}],"wp:attachment":[{"href":"https:\/\/www.europesays.com\/se\/wp-json\/wp\/v2\/media?parent=16321"}],"wp:term":[{"taxonomy":"category","embeddable":true,"href":"https:\/\/www.europesays.com\/se\/wp-json\/wp\/v2\/categories?post=16321"},{"taxonomy":"post_tag","embeddable":true,"href":"https:\/\/www.europesays.com\/se\/wp-json\/wp\/v2\/tags?post=16321"}],"curies":[{"name":"wp","href":"https:\/\/api.w.org\/{rel}","templated":true}]}}