{"id":163770,"date":"2026-02-12T19:45:08","date_gmt":"2026-02-12T19:45:08","guid":{"rendered":"https:\/\/www.europesays.com\/se\/163770\/"},"modified":"2026-02-12T19:45:08","modified_gmt":"2026-02-12T19:45:08","slug":"severance-far-fyra-sasonger-och-kan-utokas-med-spin-off","status":"publish","type":"post","link":"https:\/\/www.europesays.com\/se\/163770\/","title":{"rendered":"\u201cSeverance\u201d f\u00e5r fyra s\u00e4songer \u2013 och kan ut\u00f6kas med spin-off"},"content":{"rendered":"<p>Apple har k\u00f6pt r\u00e4ttigheterna till tv-serien \u201c<a href=\"https:\/\/www.moviezine.se\/nyheter\/2025-aret-da-vi-var-besatta-av-severance\" rel=\"nofollow noopener\" target=\"_blank\">Severance<\/a>\u201d f\u00f6r 70 miljoner dollar och kommer fram\u00f6ver att producera serien i egen regi via <a href=\"https:\/\/www.moviezine.se\/nyheter\/apple-i-jatteavtal-med-brandon-sanderson-nagra-av-varldens-storsta-fantasybocker-blir-film\" rel=\"nofollow noopener\" target=\"_blank\">Apple Studios<\/a>, rapporterar <a href=\"https:\/\/deadline.com\/2026\/02\/apple-acquires-severance-more-seasons-1236695148\/\" rel=\"nofollow noopener\" target=\"_blank\">Deadline<\/a>.<\/p>\n<p>Det tidigare produktionsbolaget Fifth Season blir kvar som exekutiv producent, men Apple tar nu fullt ansvar f\u00f6r produktionen. <\/p>\n<p>Bakgrunden \u00e4r att seriens kostnader har blivit f\u00f6r h\u00f6ga f\u00f6r Fifth Season, som tidigare ska ha bett Apple om ekonomiska f\u00f6rskott och \u00e4ven \u00f6verv\u00e4gt att flytta inspelningen fr\u00e5n New York till Kanada f\u00f6r att f\u00e5 st\u00f6rre skattef\u00f6rm\u00e5ner.<\/p>\n<p>Efter att den andra s\u00e4songen blivit Apples mest sedda serie valde bolaget att ta \u00f6ver r\u00e4ttigheterna helt. Med Apples resurser kan produktionen forts\u00e4tta i New York utan samma budgetpress.<\/p>\n<p>Planen \u00e4r nu att \u201cSeverance\u201d ska omfatta totalt <strong>fyra s\u00e4songer<\/strong>. Enligt uppgifter diskuteras \u00e4ven m\u00f6jliga <strong>spin-off-projekt<\/strong> som kan expandera seriens universum.<\/p>\n<p>L\u00e4s ocks\u00e5: <a href=\"https:\/\/www.moviezine.se\/nyheter\/f1-far-uppfoljare-men-atervander-brad-pitt\" title=\"\u201cF1\u201d f\u00e5r uppf\u00f6ljare \u2013 men \u00e5terv\u00e4nder Brad Pitt?\" class=\"underline-custom !font-montserrat !font-bold !underline-offset-4 !decoration-4 !decoration-moviezine-green !text-md\" rel=\"nofollow noopener\" target=\"_blank\">\u201cF1\u201d f\u00e5r uppf\u00f6ljare \u2013 men \u00e5terv\u00e4nder Brad Pitt?<\/a><\/p>\n<p>L\u00e4s ocks\u00e5: <a href=\"https:\/\/www.moviezine.se\/nyheter\/tom-hanks-bombastiska-krigsfilm-fran-2020-far-uppfoljare\" title=\"Tom Hanks \u201dbombastiska\u201d krigsfilm fr\u00e5n 2020 f\u00e5r uppf\u00f6ljare\" class=\"underline-custom !font-montserrat !font-bold !underline-offset-4 !decoration-4 !decoration-moviezine-green !text-md\" rel=\"nofollow noopener\" target=\"_blank\">Tom Hanks \u201dbombastiska\u201d krigsfilm fr\u00e5n 2020 f\u00e5r uppf\u00f6ljare<\/a><\/p>\n","protected":false},"excerpt":{"rendered":"Apple har k\u00f6pt r\u00e4ttigheterna till tv-serien \u201cSeverance\u201d f\u00f6r 70 miljoner dollar och kommer fram\u00f6ver att producera serien i&hellip;\n","protected":false},"author":2,"featured_media":163771,"comment_status":"","ping_status":"","sticky":false,"template":"","format":"standard","meta":{"footnotes":"","_share_on_mastodon":"0"},"categories":[66],"tags":[2570,3242,80,78,79,34,31,33,32,30,81,84,83,82],"class_list":["post-163770","post","type-post","status-publish","format-standard","has-post-thumbnail","category-vetenskap-och-teknik","tag-apple-tv-plus","tag-kommande-serier","tag-science","tag-science-and-technology","tag-scienceandtechnology","tag-se","tag-svenska","tag-sverige","tag-sweden","tag-swedish","tag-technology","tag-teknik","tag-vetenskap","tag-vetenskapteknik"],"share_on_mastodon":{"url":"https:\/\/pubeurope.com\/@se\/116059381592237036","error":""},"_links":{"self":[{"href":"https:\/\/www.europesays.com\/se\/wp-json\/wp\/v2\/posts\/163770","targetHints":{"allow":["GET"]}}],"collection":[{"href":"https:\/\/www.europesays.com\/se\/wp-json\/wp\/v2\/posts"}],"about":[{"href":"https:\/\/www.europesays.com\/se\/wp-json\/wp\/v2\/types\/post"}],"author":[{"embeddable":true,"href":"https:\/\/www.europesays.com\/se\/wp-json\/wp\/v2\/users\/2"}],"replies":[{"embeddable":true,"href":"https:\/\/www.europesays.com\/se\/wp-json\/wp\/v2\/comments?post=163770"}],"version-history":[{"count":0,"href":"https:\/\/www.europesays.com\/se\/wp-json\/wp\/v2\/posts\/163770\/revisions"}],"wp:featuredmedia":[{"embeddable":true,"href":"https:\/\/www.europesays.com\/se\/wp-json\/wp\/v2\/media\/163771"}],"wp:attachment":[{"href":"https:\/\/www.europesays.com\/se\/wp-json\/wp\/v2\/media?parent=163770"}],"wp:term":[{"taxonomy":"category","embeddable":true,"href":"https:\/\/www.europesays.com\/se\/wp-json\/wp\/v2\/categories?post=163770"},{"taxonomy":"post_tag","embeddable":true,"href":"https:\/\/www.europesays.com\/se\/wp-json\/wp\/v2\/tags?post=163770"}],"curies":[{"name":"wp","href":"https:\/\/api.w.org\/{rel}","templated":true}]}}