{"id":16380,"date":"2025-08-29T06:32:14","date_gmt":"2025-08-29T06:32:14","guid":{"rendered":"https:\/\/www.europesays.com\/se\/16380\/"},"modified":"2025-08-29T06:32:14","modified_gmt":"2025-08-29T06:32:14","slug":"undervattensdronare-ska-starka-sakerheten-i-ostersjon","status":"publish","type":"post","link":"https:\/\/www.europesays.com\/se\/16380\/","title":{"rendered":"Undervattensdr\u00f6nare ska st\u00e4rka s\u00e4kerheten i \u00d6stersj\u00f6n"},"content":{"rendered":"<p>        &#13;<\/p>\n<p>                    <img   alt=\"undervattensdr\u00f6nare\"\/><\/p>\n<p>        &#13;<br \/>\n            &#13;<br \/>\n            &#13;<br \/>\n                <img class=\"image\" data-lazy- data-media-viewer-image=\"https:\/\/www.forsvarsmakten.se\/ImageVault\/publishedmedia\/zb7tav5a7o93se944el0\/luuvONShip.jpg 480w, https:\/\/www.forsvarsmakten.se\/ImageVault\/publishedmedia\/fyx7jokjrpqt9tlssior\/luuvONShip.jpg 1024w, https:\/\/www.forsvarsmakten.se\/ImageVault\/publishedmedia\/8dp35cyql7nqhbika70z\/luuvONShip.jpg 1440w, https:\/\/www.forsvarsmakten.se\/ImageVault\/publishedmedia\/jik6ch1yisx7h7e6gubk\/luuvONShip.jpg 1920w\"  alt=\"undervattensdr\u00f6nare\"\/>&#13;<br \/>\n            &#13;<br \/>\n            &#13;<\/p>\n<p>&#13;<br \/>\n                    &#13;<br \/>\n                        LUUV \u00e4r en stor, obemannad och autonom undervattensdr\u00f6nare, att likna vid en mini-ub\u00e5t utan bes\u00e4ttning.&#13;<br \/>\n                    &#13;<br \/>\n                    &#13;<br \/>\n                        Foto: Saab&#13;<br \/>\n                    &#13;\n                <\/p>\n<p>&#13;<br \/>\n            &#13;<\/p>\n<p>            &#13;<\/p>\n<p>Milj\u00f6n p\u00e5 och under \u00d6stersj\u00f6n har stor betydelse f\u00f6r allas vardag. En ansenlig del av Sveriges import och export g\u00e5r sj\u00f6v\u00e4gen, och l\u00e4ngs havsbotten l\u00f6per kablar och ledningar som f\u00f6rs\u00f6rjer oss med exempelvis internet och energi. Nu tar F\u00f6rsvarsmakten n\u00e4sta kliv i uppr\u00e4tth\u00e5llande av skydd och s\u00e4kerhet under havsytan.<\/p>\n<p>\u2013 \u00d6stersj\u00f6n \u00e4r v\u00e5r hemmaplan och vi har redan i dag mycket god koll p\u00e5 dess undervattensmilj\u00f6. Med undervattensdr\u00f6nare tar vi ytterligare ett snabbt spr\u00e5ng som f\u00f6rst\u00e4rker Sveriges och v\u00e5ra allierades f\u00f6rm\u00e5ga att uppr\u00e4tth\u00e5lla s\u00e4kerheten i strategiskt viktiga maritima omr\u00e5den, s\u00e4ger Tobias S\u00f6derblom, utvecklingschef p\u00e5 Sj\u00f6stridsskolan.<\/p>\n<p>Samverkansprojektet ska utveckla och demonstrera systemet LUUV, Large Uncrewed Undersea Vehicle. LUUV \u00e4r en stor, obemannad och autonom undervattensdr\u00f6nare, att likna vid en mini-ub\u00e5t utan bes\u00e4ttning. Systemet byggs f\u00f6r att sj\u00e4lvst\u00e4ndigt kunna uppt\u00e4cka, \u00f6vervaka och m\u00f6ta hot.<\/p>\n<p>LUUV \u00e4r plattformsoberoende och ska kunna samverka med och b\u00e4ras av s\u00e5v\u00e4l fartyg som fordon och andra farkoster. Redan nu p\u00e5g\u00e5r utvecklingen i Sverige, med planerade sj\u00f6tester sommaren 2026 som ska f\u00f6ljas av ytterligare prototyputveckling f\u00f6r att m\u00f6jligg\u00f6ra serieproduktion. Samarbetet med FMV och Saab g\u00f6r det m\u00f6jligt att testa i realistiska f\u00f6rh\u00e5llanden, justera l\u00e4ngs med v\u00e4gen och snabbare oms\u00e4tta innovation till operativ effekt.<\/p>\n<p>\u2013\u00a0V\u00e5r verklighet \u00e4r en st\u00e4ndigt f\u00f6r\u00e4nderlig omv\u00e4rlds- och hotbild som st\u00e4ller krav p\u00e5 h\u00f6g innovationstakt. Samverkan med f\u00f6rsvarsindustrin och akademin g\u00f6r att vi kan utveckla agilt och testa i verklig milj\u00f6. Med resultatet att vi snabbare kan l\u00f6sa milit\u00e4ra behov som st\u00e4rker Sveriges s\u00e4kerhet, s\u00e4ger Tobias S\u00f6derblom.<\/p>\n","protected":false},"excerpt":{"rendered":"&#13; &#13; &#13; &#13; &#13; &#13; &#13; &#13; &#13; LUUV \u00e4r en stor, obemannad och autonom undervattensdr\u00f6nare, att&hellip;\n","protected":false},"author":2,"featured_media":16381,"comment_status":"","ping_status":"","sticky":false,"template":"","format":"standard","meta":{"footnotes":""},"categories":[65],"tags":[72,2075,70,71,34,2076,31,33,32,30,1611],"class_list":{"0":"post-16380","1":"post","2":"type-post","3":"status-publish","4":"format-standard","5":"has-post-thumbnail","7":"category-ekonomi","8":"tag-business","9":"tag-civilmilitar-samverkan","10":"tag-economy","11":"tag-ekonomi","12":"tag-se","13":"tag-sjoovervakning","14":"tag-svenska","15":"tag-sverige","16":"tag-sweden","17":"tag-swedish","18":"tag-uav"},"share_on_mastodon":{"url":"","error":""},"_links":{"self":[{"href":"https:\/\/www.europesays.com\/se\/wp-json\/wp\/v2\/posts\/16380","targetHints":{"allow":["GET"]}}],"collection":[{"href":"https:\/\/www.europesays.com\/se\/wp-json\/wp\/v2\/posts"}],"about":[{"href":"https:\/\/www.europesays.com\/se\/wp-json\/wp\/v2\/types\/post"}],"author":[{"embeddable":true,"href":"https:\/\/www.europesays.com\/se\/wp-json\/wp\/v2\/users\/2"}],"replies":[{"embeddable":true,"href":"https:\/\/www.europesays.com\/se\/wp-json\/wp\/v2\/comments?post=16380"}],"version-history":[{"count":0,"href":"https:\/\/www.europesays.com\/se\/wp-json\/wp\/v2\/posts\/16380\/revisions"}],"wp:featuredmedia":[{"embeddable":true,"href":"https:\/\/www.europesays.com\/se\/wp-json\/wp\/v2\/media\/16381"}],"wp:attachment":[{"href":"https:\/\/www.europesays.com\/se\/wp-json\/wp\/v2\/media?parent=16380"}],"wp:term":[{"taxonomy":"category","embeddable":true,"href":"https:\/\/www.europesays.com\/se\/wp-json\/wp\/v2\/categories?post=16380"},{"taxonomy":"post_tag","embeddable":true,"href":"https:\/\/www.europesays.com\/se\/wp-json\/wp\/v2\/tags?post=16380"}],"curies":[{"name":"wp","href":"https:\/\/api.w.org\/{rel}","templated":true}]}}