{"id":16406,"date":"2025-08-29T07:14:16","date_gmt":"2025-08-29T07:14:16","guid":{"rendered":"https:\/\/www.europesays.com\/se\/16406\/"},"modified":"2025-08-29T07:14:16","modified_gmt":"2025-08-29T07:14:16","slug":"tre-personer-atalas-for-hissolyckan-i-sundbyberg","status":"publish","type":"post","link":"https:\/\/www.europesays.com\/se\/16406\/","title":{"rendered":"Tre personer \u00e5talas f\u00f6r hissolyckan i Sundbyberg"},"content":{"rendered":"<p>En vd och tv\u00e5 hissmont\u00f6rer \u00e5talas f\u00f6r arbetsmilj\u00f6brott efter hissolyckan i Sundbyberg i december 2023, d\u00e4r fem personer omkom. Det meddelar \u00c5klagarmyndigheten.<\/p>\n<p>\u2013 Mont\u00f6rerna hade inte monterat alla de fyra b\u00e4rande skruvf\u00f6rbanden mellan de aktuella sektionerna vilket medf\u00f6rde att hissmasten rasade och hisskorgen f\u00f6ll cirka 30 meter till marken, s\u00e4ger senior \u00e5klagare Lars \u00c5gren som har varit f\u00f6runders\u00f6kningsledare i ett pressmeddelande.<\/p>\n<p>Enligt \u00e5klagaren hade inte vd:n s\u00e4kerst\u00e4llt att egenkontroll utf\u00f6rts.<\/p>\n<p>\u00c5klagaren yrkar \u00e4ven p\u00e5 en f\u00f6retagsbot p\u00e5 sju miljoner kronor.<\/p>\n<p>Omni \u00e4r politiskt obundna och oberoende. Vi str\u00e4var efter att ge fler perspektiv p\u00e5 nyheterna. Har du fr\u00e5gor eller synpunkter kring v\u00e5r rapportering? <a href=\"https:\/\/omni.se\/tre-personer-atalas-for-hissolyckan-i-sundbyberg\/a\/mailto:redaktion@omni.se\" class=\"ArticleActions_contactLink__W2F1M\" rel=\"nofollow noopener\" target=\"_blank\">Kontakta redaktionen<\/a><\/p>\n","protected":false},"excerpt":{"rendered":"En vd och tv\u00e5 hissmont\u00f6rer \u00e5talas f\u00f6r arbetsmilj\u00f6brott efter hissolyckan i Sundbyberg i december 2023, d\u00e4r fem personer&hellip;\n","protected":false},"author":2,"featured_media":16407,"comment_status":"","ping_status":"","sticky":false,"template":"","format":"standard","meta":{"footnotes":""},"categories":[5],"tags":[2099,22,23,26,27,17,21,24,25,28,29,15,16,18,34,2098,31,33,32,30,19,20],"class_list":{"0":"post-16406","1":"post","2":"type-post","3":"status-publish","4":"format-standard","5":"has-post-thumbnail","7":"category-rubriker","8":"tag-aklagarmyndigheten","9":"tag-breaking-news","10":"tag-breakingnews","11":"tag-featured-news","12":"tag-featurednews","13":"tag-headlines","14":"tag-huvudnyheter","15":"tag-latest-news","16":"tag-latestnews","17":"tag-main-news","18":"tag-mainnews","19":"tag-news","20":"tag-nyheter","21":"tag-rubriker","22":"tag-se","23":"tag-sundbyberg","24":"tag-svenska","25":"tag-sverige","26":"tag-sweden","27":"tag-swedish","28":"tag-top-stories","29":"tag-topstories"},"share_on_mastodon":{"url":"","error":""},"_links":{"self":[{"href":"https:\/\/www.europesays.com\/se\/wp-json\/wp\/v2\/posts\/16406","targetHints":{"allow":["GET"]}}],"collection":[{"href":"https:\/\/www.europesays.com\/se\/wp-json\/wp\/v2\/posts"}],"about":[{"href":"https:\/\/www.europesays.com\/se\/wp-json\/wp\/v2\/types\/post"}],"author":[{"embeddable":true,"href":"https:\/\/www.europesays.com\/se\/wp-json\/wp\/v2\/users\/2"}],"replies":[{"embeddable":true,"href":"https:\/\/www.europesays.com\/se\/wp-json\/wp\/v2\/comments?post=16406"}],"version-history":[{"count":0,"href":"https:\/\/www.europesays.com\/se\/wp-json\/wp\/v2\/posts\/16406\/revisions"}],"wp:featuredmedia":[{"embeddable":true,"href":"https:\/\/www.europesays.com\/se\/wp-json\/wp\/v2\/media\/16407"}],"wp:attachment":[{"href":"https:\/\/www.europesays.com\/se\/wp-json\/wp\/v2\/media?parent=16406"}],"wp:term":[{"taxonomy":"category","embeddable":true,"href":"https:\/\/www.europesays.com\/se\/wp-json\/wp\/v2\/categories?post=16406"},{"taxonomy":"post_tag","embeddable":true,"href":"https:\/\/www.europesays.com\/se\/wp-json\/wp\/v2\/tags?post=16406"}],"curies":[{"name":"wp","href":"https:\/\/api.w.org\/{rel}","templated":true}]}}