{"id":16431,"date":"2025-08-29T07:41:08","date_gmt":"2025-08-29T07:41:08","guid":{"rendered":"https:\/\/www.europesays.com\/se\/16431\/"},"modified":"2025-08-29T07:41:08","modified_gmt":"2025-08-29T07:41:08","slug":"avslojar-nya-budet-65-miljoner-till-djurgarden-for-august-priske","status":"publish","type":"post","link":"https:\/\/www.europesays.com\/se\/16431\/","title":{"rendered":"AVSL\u00d6JAR: Nya budet: 65 miljoner till Djurg\u00e5rden f\u00f6r August Priske"},"content":{"rendered":"<p><strong>Nyligen kom uppgifter fr\u00e5n danska Tipsbladet om att\u00a0\u00f6sterrikiska\u00a0storklubben\u00a0RB Salzburg har lagt bud p\u00e5 45 miljoner kronor p\u00e5 August Priske.\u00a0<br \/>Nu kan FotbollDirekt avsl\u00f6ja att det finns \u00e4nnu ett bud som \u00e4r v\u00e4sentligt h\u00f6gre \u2013 p\u00e5 65 miljoner kronor men med ett <a href=\"https:\/\/fotbolldirekt.se\/klubb\/djurgardens-if\/\" rel=\"nofollow noopener\" target=\"_blank\">Djurg\u00e5rden<\/a> som uppges forts\u00e4tta att s\u00e4ga nej.<br \/>\u2013 Jag vill inte ha n\u00e5gra kommentarer just nu, s\u00e4ger sportchef Bosse Andersson till FotbollDirekt.<\/strong><\/p>\n<p>Vilken skr\u00e4ll han har blivit.\u00a0<\/p>\n<p><a href=\"https:\/\/fotbolldirekt.se\/spelare\/august-priske\/\" rel=\"nofollow noopener\" target=\"_blank\">August Priske<\/a> har verkligen kommit loss och har p\u00e5 bara ett par m\u00e5nader gjort sig ett allsvenskt toppnamn. Sex m\u00e5l p\u00e5 kort tid \u00e4r prima siffror och har gjort honom h\u00f6gaktuell f\u00f6r bland annat internationella storklubben RB Salzburg.\u00a0Och \u00f6sterrikarna ser ut att vara beredda att g\u00e5 l\u00e5ngt f\u00f6r den 21-\u00e5rige dansken. Fr\u00e5gan \u00e4r hur l\u00e5ngt? Nyligen kom Tipsbladet med uppgifter om att ett bud p\u00e5 45 miljoner kronor finns till Djurg\u00e5rden.<\/p>\n<p>Enligt nya uppgifter till FotbollDirekt denna fredag s\u00e5 har nu ett nytt och h\u00f6gre bud kommit och den h\u00e4r g\u00e5ngen ligger det <strong>p\u00e5 motsvarande 65 miljoner kronor \u2013 men \u00e4nnu en g\u00e5ng utan att det \u00e4r tillr\u00e4ckligt f\u00f6r Djurg\u00e5rden<\/strong>. Enligt FD:s uppgifter har Dif:s ledning informerat \u00f6sterrikarna om att det m\u00e5ste till mer.\u00a0<\/p>\n<p>\u2013 Jag vill egentligen inte kommentera n\u00e5gonting just nu, men det <strong>ska otroligt mycket till kan jag s\u00e4ga f\u00f6r att vi ska s\u00e4lja August Priske i p\u00e5g\u00e5ende f\u00f6nster<\/strong>, s\u00e4ger Bosse Andersson till FD.<br \/>\u2013 Vi \u00e4r verkligen inte \u00f6verens med n\u00e5gon klubb, forts\u00e4tter Djurg\u00e5rdens sportchef. <\/p>\n<p>FD har \u00e4ven uppgifter om att ytterligare ett par klubbari bubblar i bakgrunden och som noga uppges f\u00f6lja den p\u00e5g\u00e5ende utvecklingen.<\/p>\n<p>Tipsbladet har \u00e4ven uppgifter om att Priskes tidigare klubb FC Midtjylland har en vidaref\u00f6rs\u00e4ljningskausul p\u00e5 40 procent.\u00a0<\/p>\n","protected":false},"excerpt":{"rendered":"Nyligen kom uppgifter fr\u00e5n danska Tipsbladet om att\u00a0\u00f6sterrikiska\u00a0storklubben\u00a0RB Salzburg har lagt bud p\u00e5 45 miljoner kronor p\u00e5 August&hellip;\n","protected":false},"author":2,"featured_media":16432,"comment_status":"","ping_status":"","sticky":false,"template":"","format":"standard","meta":{"footnotes":""},"categories":[68],"tags":[774,34,111,110,31,33,32,30],"class_list":{"0":"post-16431","1":"post","2":"type-post","3":"status-publish","4":"format-standard","5":"has-post-thumbnail","7":"category-sport","8":"tag-mini-top-block-1","9":"tag-se","10":"tag-sport","11":"tag-sports","12":"tag-svenska","13":"tag-sverige","14":"tag-sweden","15":"tag-swedish"},"share_on_mastodon":{"url":"","error":""},"_links":{"self":[{"href":"https:\/\/www.europesays.com\/se\/wp-json\/wp\/v2\/posts\/16431","targetHints":{"allow":["GET"]}}],"collection":[{"href":"https:\/\/www.europesays.com\/se\/wp-json\/wp\/v2\/posts"}],"about":[{"href":"https:\/\/www.europesays.com\/se\/wp-json\/wp\/v2\/types\/post"}],"author":[{"embeddable":true,"href":"https:\/\/www.europesays.com\/se\/wp-json\/wp\/v2\/users\/2"}],"replies":[{"embeddable":true,"href":"https:\/\/www.europesays.com\/se\/wp-json\/wp\/v2\/comments?post=16431"}],"version-history":[{"count":0,"href":"https:\/\/www.europesays.com\/se\/wp-json\/wp\/v2\/posts\/16431\/revisions"}],"wp:featuredmedia":[{"embeddable":true,"href":"https:\/\/www.europesays.com\/se\/wp-json\/wp\/v2\/media\/16432"}],"wp:attachment":[{"href":"https:\/\/www.europesays.com\/se\/wp-json\/wp\/v2\/media?parent=16431"}],"wp:term":[{"taxonomy":"category","embeddable":true,"href":"https:\/\/www.europesays.com\/se\/wp-json\/wp\/v2\/categories?post=16431"},{"taxonomy":"post_tag","embeddable":true,"href":"https:\/\/www.europesays.com\/se\/wp-json\/wp\/v2\/tags?post=16431"}],"curies":[{"name":"wp","href":"https:\/\/api.w.org\/{rel}","templated":true}]}}