{"id":16483,"date":"2025-08-29T08:45:07","date_gmt":"2025-08-29T08:45:07","guid":{"rendered":"https:\/\/www.europesays.com\/se\/16483\/"},"modified":"2025-08-29T08:45:07","modified_gmt":"2025-08-29T08:45:07","slug":"experten-darforsanks-inte-rantan","status":"publish","type":"post","link":"https:\/\/www.europesays.com\/se\/16483\/","title":{"rendered":"Experten: D\u00e4rf\u00f6r\ns\u00e4nks inte r\u00e4ntan"},"content":{"rendered":"<p>Publicerad 29 aug 2025 kl 10.29<\/p>\n<p>Nya BNP-siffror, Svantessons besked p\u00e5 Harpsund, senaste KI-informationen och reall\u00f6ne\u00f6kningar. \u00a0<\/p>\n<p>Hur och om det h\u00e4r p\u00e5verkar Riksbankens n\u00e4sta besked om styrr\u00e4ntan splittrar experterna.\u00a0<\/p>\n<p>\u2013 Sannolikheten f\u00f6r att Riksbanken skulle s\u00e4nka r\u00e4ntan ytterligare f\u00f6rsvinner mer och mer, s\u00e4ger Annika Winsth, chefekonom p\u00e5 Nordea, till <a href=\"https:\/\/www.sverigesradio.se\/artikel\/experten-nu-lar-riksbanken-inte-sanka-rantan\" rel=\"nofollow noopener\" target=\"_blank\">Sveriges Radio<\/a>.<\/p>\n<p>Senaste nyhetsklippen fr\u00e5n Expressen.<img   alt=\"\"\/><\/p>\n<p>Annika Winsth, chefekonom p\u00e5 Nordea, s\u00e4ger till SR att sannolikheten f\u00f6r r\u00e4ntes\u00e4nkning \u201df\u00f6rsvinner mer och mer\u201d.<\/p>\n<p>Foto: JONAS ENG \/ NORDEA<\/p>\n<p>\u00d6ppna bild i helsk\u00e4rm<img loading=\"lazy\"   alt=\"\"\/><\/p>\n<p>Riksbankschef Erik Thed\u00e9en.<\/p>\n<p>Foto: Fredrik Sandberg\/TT \/ TT NYHETSBYR\u00c5N<\/p>\n<p>\u00d6ppna bild i helsk\u00e4rm<img loading=\"lazy\"   alt=\"\"\/><\/p>\n<p>Enligt Winsth \u00e4r inflationen en \u201dhuvudv\u00e4rk\u201d f\u00f6r Riksbanken.<\/p>\n<p>Foto: Jeppe Gustafsson \/ SHUTTERSTOCK EDITORIAL\/IBL<\/p>\n<p>\u00d6ppna bild i helsk\u00e4rm<\/p>\n<p>Vid senaste Riksbanksm\u00f6tet f\u00f6rblev styrr\u00e4ntan of\u00f6r\u00e4ndrad p\u00e5 2 procent. Beskedet fr\u00e5n direktionen var att chanserna att styrr\u00e4ntan s\u00e4nks under h\u00f6sten \u00e4r 50\/50.\u00a0<\/p>\n<p>Nu har flera andra viktiga indikationer p\u00e5 hur svensk ekonomi m\u00e5r just nu och framgent kommit: F\u00e4rska BNP-siffror, ett ov\u00e4ntat stort reformutrymme i h\u00f6stbudgeten, statistik g\u00e4llande reall\u00f6ne\u00f6kningar, och Konjunkturinstitutets information om prisutvecklingen.\u00a0<\/p>\n<p>Och analyserna kring om och hur <a href=\"https:\/\/www.expressen.se\/tagg\/organization\/riksbanken\/\" class=\"\" rel=\"nofollow noopener\" target=\"_blank\">Riksbankens<\/a> besked om styrr\u00e4ntan i h\u00f6st p\u00e5verkas spretar.\u00a0<\/p>\n<p>\u2013 Vi tror att Riksbanken s\u00e4nker r\u00e4ntan med 0,25 procentenheter till 1,75 procent nu i september, s\u00e4ger Robert Bergqvist, senior analytiker hos SEB.\u00a0<\/p>\n<p>Anledningen tror han \u00e4r den tr\u00f6ga konjunkturen.\u00a0<\/p>\n<p>\u2013 Vi noterar att det finns en oro bland Riksbanksledam\u00f6terna, f\u00f6r att konjunkturen \u00e4r lite f\u00f6r tr\u00f6g och kan beh\u00f6va hj\u00e4lp.<\/p>\n<p>\u201dTr\u00f6ghet i svensk ekonomi\u201d<\/p>\n<p>Han delar finansminister Elisabeth Svantessons bild av den svenska ekonomin trots blygsamt positiva BNP-siffror.\u00a0<\/p>\n<p>\u2013 SEB hade en f\u00f6rv\u00e4ntan p\u00e5 att BNP skulle v\u00e4xa med 0,6 procent under andra kvartalet. Nu blir det bara 0,5 procent. Det \u00e4r ingen stor skillnad och det \u00e4r bra att det v\u00e4xer i svensk ekonomi. Men sen fick vi detaljhandel f\u00f6r julim\u00e5naden, som kom in lite svagare \u00e4n v\u00e4ntat. Det \u00e4r som Elisabeth Svantesson beskrev det i g\u00e5r: Det finns en tr\u00f6ghet i svensk ekonomi. \u00a0<\/p>\n<p>Flera ekonomer h\u00f6jde p\u00e5 \u00f6gonbrynet n\u00e4r det stod klart att h\u00f6stens budget inneh\u00e5ller ett reformutrymme om 80 miljarder \u2013 st\u00f6rre \u00e4n vad de flesta bed\u00f6mare trodde inf\u00f6r.\u00a0<\/p>\n<p>Robert Bergqvist tror inte att reformutrymmet \u2013 trots att det ligger lite h\u00f6gre, som han uttrycker det, kommer att p\u00e5verka Riksbanken, s\u00e5vida inte alla miljarder l\u00e4ggs p\u00e5 hush\u00e5llens konsumtion.<\/p>\n<p>F\u00f6r samtidigt som man vill f\u00e5 fart p\u00e5 svensk ekonomi s\u00e5 ligger inflationen lite f\u00f6r h\u00f6gt \u2013 \u00f6ver tre procent. Bergqvist kallar det f\u00f6r ett sommarsp\u00f6ke, lite l\u00e4skig men mest underbyggt av sommartypiska n\u00f6jen s\u00e5 som konserter och resor.\u00a0<\/p>\n<p>\u201d\u00c4r dyrt att leva\u201d<\/p>\n<p>Annika Winsth p\u00e5 Nordea g\u00f6r dock inte samma analys. Hon menar att inflationen fortsatt \u00e4r en huvudv\u00e4rk f\u00f6r Riksbanken och Nordeas prognos \u00e4r att inflationsniv\u00e5n f\u00f6rblir lite f\u00f6r h\u00f6g ett tag till.\u00a0<\/p>\n<p>\u2013 M\u00e5nga hush\u00e5ll tycker att det \u00e4r dyrt att leva. S\u00e5 det \u00e4r sv\u00e5rt f\u00f6r Riksbanken att s\u00e4nka r\u00e4ntan \u00e4ven om konjunkturen \u00e4r svag. D\u00e5 \u00e4r det rimligt att man anv\u00e4nder sig av finanspolitiken i st\u00e4llet, s\u00e4ger hon till <a href=\"https:\/\/www.expressen.se\/ekonomi\/experten-sverige-har-absolut-rad-med-det-har\" rel=\"nofollow noopener\" target=\"_blank\">TT<\/a>.\u00a0<\/p>\n<p>Hon ser risker med att de 80 miljarderna kommer att driva upp inflationen och att regeringens besked d\u00e4rmed inskr\u00e4nker Riksbankens m\u00f6jligheter att s\u00e4nka r\u00e4ntan ytterligare. \u00a0<\/p>\n<p>\u00a0\u00a0\u2013 Det \u00e4r ju rimligt att ha en expansiv budget i det l\u00e4get vi befinner oss i och vi har dessutom val\u00e5r s\u00e5 det \u00e4r inte \u00f6verraskande men d\u00e4remot g\u00f6r det att sannolikheten f\u00f6r att Riksbanken skulle s\u00e4nka r\u00e4ntan ytterligare f\u00f6rsvinner mer och mer i och med det h\u00e4r, s\u00e4ger hon till Sveriges Radio.\u00a0<\/p>\n","protected":false},"excerpt":{"rendered":"Publicerad 29 aug 2025 kl 10.29 Nya BNP-siffror, Svantessons besked p\u00e5 Harpsund, senaste KI-informationen och reall\u00f6ne\u00f6kningar. \u00a0 Hur&hellip;\n","protected":false},"author":2,"featured_media":16484,"comment_status":"","ping_status":"","sticky":false,"template":"","format":"standard","meta":{"footnotes":""},"categories":[5],"tags":[22,23,26,27,17,21,24,25,28,29,15,16,1135,18,34,607,31,33,32,30,19,213,20],"class_list":{"0":"post-16483","1":"post","2":"type-post","3":"status-publish","4":"format-standard","5":"has-post-thumbnail","7":"category-rubriker","8":"tag-breaking-news","9":"tag-breakingnews","10":"tag-featured-news","11":"tag-featurednews","12":"tag-headlines","13":"tag-huvudnyheter","14":"tag-latest-news","15":"tag-latestnews","16":"tag-main-news","17":"tag-mainnews","18":"tag-news","19":"tag-nyheter","20":"tag-organization-riksbanken","21":"tag-rubriker","22":"tag-se","23":"tag-sections-konsument","24":"tag-svenska","25":"tag-sverige","26":"tag-sweden","27":"tag-swedish","28":"tag-top-stories","29":"tag-topic-bolan-ranta","30":"tag-topstories"},"share_on_mastodon":{"url":"","error":""},"_links":{"self":[{"href":"https:\/\/www.europesays.com\/se\/wp-json\/wp\/v2\/posts\/16483","targetHints":{"allow":["GET"]}}],"collection":[{"href":"https:\/\/www.europesays.com\/se\/wp-json\/wp\/v2\/posts"}],"about":[{"href":"https:\/\/www.europesays.com\/se\/wp-json\/wp\/v2\/types\/post"}],"author":[{"embeddable":true,"href":"https:\/\/www.europesays.com\/se\/wp-json\/wp\/v2\/users\/2"}],"replies":[{"embeddable":true,"href":"https:\/\/www.europesays.com\/se\/wp-json\/wp\/v2\/comments?post=16483"}],"version-history":[{"count":0,"href":"https:\/\/www.europesays.com\/se\/wp-json\/wp\/v2\/posts\/16483\/revisions"}],"wp:featuredmedia":[{"embeddable":true,"href":"https:\/\/www.europesays.com\/se\/wp-json\/wp\/v2\/media\/16484"}],"wp:attachment":[{"href":"https:\/\/www.europesays.com\/se\/wp-json\/wp\/v2\/media?parent=16483"}],"wp:term":[{"taxonomy":"category","embeddable":true,"href":"https:\/\/www.europesays.com\/se\/wp-json\/wp\/v2\/categories?post=16483"},{"taxonomy":"post_tag","embeddable":true,"href":"https:\/\/www.europesays.com\/se\/wp-json\/wp\/v2\/tags?post=16483"}],"curies":[{"name":"wp","href":"https:\/\/api.w.org\/{rel}","templated":true}]}}